{"id":14842,"date":"2020-03-13T18:45:43","date_gmt":"2020-03-13T18:45:43","guid":{"rendered":"https:\/\/www.infantedonfelipe.es\/contenido\/?p=14842"},"modified":"2020-03-13T18:45:43","modified_gmt":"2020-03-13T18:45:43","slug":"muchas-gracias","status":"publish","type":"post","link":"https:\/\/www.infantedonfelipe.es\/contenido\/2020\/03\/13\/muchas-gracias\/","title":{"rendered":"\u00a1 MUCHAS GRACIAS !"},"content":{"rendered":"<p><a href=\"https:\/\/www.infantedonfelipe.es\/contenido\/wp-content\/uploads\/2020\/03\/2-1920x760_c.jpg\"><img loading=\"lazy\" decoding=\"async\" class=\"alignnone size-full wp-image-14843\" src=\"https:\/\/www.infantedonfelipe.es\/contenido\/wp-content\/uploads\/2020\/03\/2-1920x760_c.jpg\" alt=\"\" width=\"1440\" height=\"570\" srcset=\"https:\/\/www.infantedonfelipe.es\/contenido\/wp-content\/uploads\/2020\/03\/2-1920x760_c.jpg 1920w, https:\/\/www.infantedonfelipe.es\/contenido\/wp-content\/uploads\/2020\/03\/2-1920x760_c-300x119.jpg 300w, https:\/\/www.infantedonfelipe.es\/contenido\/wp-content\/uploads\/2020\/03\/2-1920x760_c-768x304.jpg 768w, https:\/\/www.infantedonfelipe.es\/contenido\/wp-content\/uploads\/2020\/03\/2-1920x760_c-1024x405.jpg 1024w\" sizes=\"(max-width: 1440px) 100vw, 1440px\" \/><\/a><\/p>\n<p>\u00a1Muchas gracias a todos!, \u00a1muchas gracias por comprender la situaci\u00f3n, por hacerse cargo de la urgencia de las decisiones, por responder al llamado del Colegio a la hora de organizar las actividades escolares que ahora cambia las aulas por el sal\u00f3n de casa y convierte en \u00abco-profes\u00bb a padres y madres aunque seguiremos manteniendo el contacto a trav\u00e9s de los medios establecidos!, \u00a1muchas gracias por estar ah\u00ed, por vuestra comprensi\u00f3n!<\/p>\n<p>Hoy ha sido un d\u00eda muy extra\u00f1o, dif\u00edcil, atropellado para dar respuesta a lo que nos reclamaban las instrucciones de la Consejer\u00eda para planificar los d\u00edas duros que ahora comienzan hasta que podamos, entre todos, derrotar al coronavirus cumpliendo los consejos que nos hablan de aislarnos, de extremar la higiene, de cortocircuitar los contagios para que muy pronto volvamos a donde nos toca estar, alumnos y maestros en las aulas y las familias apoyando la formaci\u00f3n de sus hijos.<\/p>\n<p>Es una situaci\u00f3n excepcional y toca, por tanto, ser excepcionales ahora.<\/p>\n<p><strong>Os repetimos, \u00a1much\u00edsimas gracias y nos vemos lo antes posible!<\/strong><\/p>\n<p>&nbsp;<\/p>\n<p><strong>Tambi\u00e9n puedes seguirnos en Facebook:<\/strong><\/p>\n<p><a href=\"https:\/\/www.facebook.com\/groups\/463362390456015\/\"><strong>https:\/\/www.facebook.com\/groups\/463362390456015\/<\/strong><\/a><\/p>\n","protected":false},"excerpt":{"rendered":"<p>\u00a1Muchas gracias a todos!, \u00a1muchas gracias por comprender la situaci\u00f3n, por hacerse cargo de la urgencia de las decisiones, por responder al llamado del Colegio a la hora de organizar las actividades escolares que ahora cambia las aulas por el sal\u00f3n de casa y convierte en \u00abco-profes\u00bb a padres y madres aunque seguiremos manteniendo el [&hellip;]<\/p>\n","protected":false},"author":3,"featured_media":0,"comment_status":"closed","ping_status":"open","sticky":false,"template":"","format":"standard","meta":{"footnotes":""},"categories":[20],"tags":[],"_links":{"self":[{"href":"https:\/\/www.infantedonfelipe.es\/contenido\/wp-json\/wp\/v2\/posts\/14842"}],"collection":[{"href":"https:\/\/www.infantedonfelipe.es\/contenido\/wp-json\/wp\/v2\/posts"}],"about":[{"href":"https:\/\/www.infantedonfelipe.es\/contenido\/wp-json\/wp\/v2\/types\/post"}],"author":[{"embeddable":true,"href":"https:\/\/www.infantedonfelipe.es\/contenido\/wp-json\/wp\/v2\/users\/3"}],"replies":[{"embeddable":true,"href":"https:\/\/www.infantedonfelipe.es\/contenido\/wp-json\/wp\/v2\/comments?post=14842"}],"version-history":[{"count":1,"href":"https:\/\/www.infantedonfelipe.es\/contenido\/wp-json\/wp\/v2\/posts\/14842\/revisions"}],"predecessor-version":[{"id":14844,"href":"https:\/\/www.infantedonfelipe.es\/contenido\/wp-json\/wp\/v2\/posts\/14842\/revisions\/14844"}],"wp:attachment":[{"href":"https:\/\/www.infantedonfelipe.es\/contenido\/wp-json\/wp\/v2\/media?parent=14842"}],"wp:term":[{"taxonomy":"category","embeddable":true,"href":"https:\/\/www.infantedonfelipe.es\/contenido\/wp-json\/wp\/v2\/categories?post=14842"},{"taxonomy":"post_tag","embeddable":true,"href":"https:\/\/www.infantedonfelipe.es\/contenido\/wp-json\/wp\/v2\/tags?post=14842"}],"curies":[{"name":"wp","href":"https:\/\/api.w.org\/{rel}","templated":true}]}}