{"id":15416,"date":"2020-06-03T09:18:44","date_gmt":"2020-06-03T09:18:44","guid":{"rendered":"https:\/\/www.infantedonfelipe.es\/contenido\/?p=15416"},"modified":"2020-06-03T09:19:48","modified_gmt":"2020-06-03T09:19:48","slug":"publicado-el-baremo-definitivo-y-la-adscripcion-provisional-del-proceso-de-admision-de-alumnos-2020-2021","status":"publish","type":"post","link":"https:\/\/www.infantedonfelipe.es\/contenido\/2020\/06\/03\/publicado-el-baremo-definitivo-y-la-adscripcion-provisional-del-proceso-de-admision-de-alumnos-2020-2021\/","title":{"rendered":"PUBLICADO EL BAREMO DEFINITIVO Y LA ADSCRIPCI\u00d3N PROVISIONAL DEL PROCESO DE ADMISI\u00d3N DE ALUMNOS 2020-2021"},"content":{"rendered":"<p><a href=\"https:\/\/www.infantedonfelipe.es\/contenido\/wp-content\/uploads\/2020\/06\/resized_DSCN0008.jpg\"><img loading=\"lazy\" decoding=\"async\" class=\"alignnone size-full wp-image-15419\" src=\"https:\/\/www.infantedonfelipe.es\/contenido\/wp-content\/uploads\/2020\/06\/resized_DSCN0008.jpg\" alt=\"\" width=\"1843\" height=\"1382\" srcset=\"https:\/\/www.infantedonfelipe.es\/contenido\/wp-content\/uploads\/2020\/06\/resized_DSCN0008.jpg 1843w, https:\/\/www.infantedonfelipe.es\/contenido\/wp-content\/uploads\/2020\/06\/resized_DSCN0008-300x225.jpg 300w, https:\/\/www.infantedonfelipe.es\/contenido\/wp-content\/uploads\/2020\/06\/resized_DSCN0008-768x576.jpg 768w, https:\/\/www.infantedonfelipe.es\/contenido\/wp-content\/uploads\/2020\/06\/resized_DSCN0008-1024x768.jpg 1024w, https:\/\/www.infantedonfelipe.es\/contenido\/wp-content\/uploads\/2020\/06\/resized_DSCN0008-136x102.jpg 136w\" sizes=\"(max-width: 1843px) 100vw, 1843px\" \/><\/a><\/p>\n<p>Siguiendo el calendario establecido por la Consejer\u00eda de Educaci\u00f3n, Cultura y Deportes de Castilla la Mancha se ha publicado el baremo definitivo y la adjudicaci\u00f3n provisional de los solicitantes que presentaron su solicitud en el plazo ordinario que se desarroll\u00f3 durante el mes de febrero pasado.<\/p>\n<p>Las fechas a tener en cuenta son las siguientes:<\/p>\n<p>3 de Junio: <strong>PUBLICACI\u00d3N DEL BAREMO DEFINITIVO Y DE LA ASIGNACI\u00d3N PROVISIONAL AL CENTRO<\/strong><br \/>\n4 al 10 de Junio: PERIODO DE RECLAMACI\u00d3N A LA ASIGNACI\u00d3N PROVISIONAL AL CENTRO<br \/>\n22 de Junio: FINALIZA PLAZO DE RENUNCIA A PARTICIPAR EN EL PROCESO (Solo para cambios de Centro)<br \/>\n29 de Junio: ASIGNACI\u00d3N DEFINITIVA DE CENTRO Y PUBLICACI\u00d3N DE VACANTES DEFINITIVA<br \/>\nDEL 30 DE JUNIO AL 6 DE JULIO: MATRICULACI\u00d3N DE ALUMNOS ADMITIDOS EN CADA CENTRO EN ED. INFANTIL Y ED. PRIMARIA<\/p>\n<p>Enlace al baremo definitivo y la adscripci\u00f3n provisional:<\/p>\n<h2><a href=\"https:\/\/www.infantedonfelipe.es\/contenido\/wp-content\/uploads\/2020\/06\/relaci\u00f3n-de-admitidos-provisional-y-baremo-definitivo.pdf\">relaci\u00f3n de admitidos provisional y baremo definitivo<\/a><\/h2>\n","protected":false},"excerpt":{"rendered":"<p>Siguiendo el calendario establecido por la Consejer\u00eda de Educaci\u00f3n, Cultura y Deportes de Castilla la Mancha se ha publicado el baremo definitivo y la adjudicaci\u00f3n provisional de los solicitantes que presentaron su solicitud en el plazo ordinario que se desarroll\u00f3 durante el mes de febrero pasado. Las fechas a tener en cuenta son las siguientes: [&hellip;]<\/p>\n","protected":false},"author":3,"featured_media":0,"comment_status":"closed","ping_status":"open","sticky":false,"template":"","format":"standard","meta":{"footnotes":""},"categories":[1],"tags":[],"_links":{"self":[{"href":"https:\/\/www.infantedonfelipe.es\/contenido\/wp-json\/wp\/v2\/posts\/15416"}],"collection":[{"href":"https:\/\/www.infantedonfelipe.es\/contenido\/wp-json\/wp\/v2\/posts"}],"about":[{"href":"https:\/\/www.infantedonfelipe.es\/contenido\/wp-json\/wp\/v2\/types\/post"}],"author":[{"embeddable":true,"href":"https:\/\/www.infantedonfelipe.es\/contenido\/wp-json\/wp\/v2\/users\/3"}],"replies":[{"embeddable":true,"href":"https:\/\/www.infantedonfelipe.es\/contenido\/wp-json\/wp\/v2\/comments?post=15416"}],"version-history":[{"count":2,"href":"https:\/\/www.infantedonfelipe.es\/contenido\/wp-json\/wp\/v2\/posts\/15416\/revisions"}],"predecessor-version":[{"id":15420,"href":"https:\/\/www.infantedonfelipe.es\/contenido\/wp-json\/wp\/v2\/posts\/15416\/revisions\/15420"}],"wp:attachment":[{"href":"https:\/\/www.infantedonfelipe.es\/contenido\/wp-json\/wp\/v2\/media?parent=15416"}],"wp:term":[{"taxonomy":"category","embeddable":true,"href":"https:\/\/www.infantedonfelipe.es\/contenido\/wp-json\/wp\/v2\/categories?post=15416"},{"taxonomy":"post_tag","embeddable":true,"href":"https:\/\/www.infantedonfelipe.es\/contenido\/wp-json\/wp\/v2\/tags?post=15416"}],"curies":[{"name":"wp","href":"https:\/\/api.w.org\/{rel}","templated":true}]}}