{"id":15491,"date":"2020-07-03T07:17:01","date_gmt":"2020-07-03T07:17:01","guid":{"rendered":"https:\/\/www.infantedonfelipe.es\/contenido\/?p=15491"},"modified":"2020-07-03T07:40:49","modified_gmt":"2020-07-03T07:40:49","slug":"se-convocan-ayudas-para-libros-de-texto-y-comedor-escolar-de-cara-al-curso-2020-2021","status":"publish","type":"post","link":"https:\/\/www.infantedonfelipe.es\/contenido\/2020\/07\/03\/se-convocan-ayudas-para-libros-de-texto-y-comedor-escolar-de-cara-al-curso-2020-2021\/","title":{"rendered":"SE CONVOCAN AYUDAS PARA LIBROS DE TEXTO Y COMEDOR ESCOLAR DE CARA AL CURSO 2020-2021"},"content":{"rendered":"<table class=\"portalLayoutTable\">\n<tbody>\n<tr>\n<td class=\"portalLayoutCell centro1_int\">\n<table class=\"portalLayoutTable\">\n<tbody>\n<tr>\n<td class=\"portalLayoutCell\">\n<div class=\"headerPath contentPath\"><\/div>\n<div class=\"contentServicesContainer\">\n<div class=\"contentServicesContainer2\">\n<div class=\"contentServices\">\n<ul>\n<li><\/li>\n<\/ul>\n<\/div>\n<\/div>\n<\/div>\n<div class=\"contentNameContainer\">\n<h2 id=\"contentName\" class=\"contentMainTitle\">Convocatoria de ayudas &#8211; Comedores escolares y Libros de texto. Curso 2020\/2021<\/h2>\n<\/div>\n<\/td>\n<\/tr>\n<tr>\n<td class=\"portalLayoutCell\">\n<div class=\"bannerContSup\">\n<div class=\"banner\">\n<div class=\"cmBannersRelativePosition standalone\"><\/div>\n<\/div>\n<\/div>\n<\/td>\n<\/tr>\n<tr>\n<td class=\"portalLayoutCell\">\n<div id=\"overDiv\"><\/div>\n<div id=\"content\" class=\"centerBlock activeContent blueComponent currentContentContainer\">\n<div id=\"bodyContentDivContainer\" class=\"currentContent\">\n<div class=\"headerContent\">\n<div class=\"contentDatesContainer\">\n<div class=\"contentDates\"><span class=\"tittle\">Actualizado el:<\/span>3\/07\/2020<\/div>\n<\/div>\n<\/div>\n<div class=\"contentBody\">\n<div id=\"bodyContentDiv\" class=\"cmBodyContent\">\n<div class=\"htmlTemplate\">\n<div class=\"cmClear contentText\">\n<p class=\"cmParagraph\"><strong>Convocatoria de Ayudas consistentes en el uso de libros de texto y de comedor escolar alumnado matriculado en centros sostenidos con fondos p\u00fablicos de Castilla-La Mancha. Curso 2020\/2021.<\/strong><\/p>\n<p class=\"cmParagraph rojo\">Al alumnado que en 2019\/20 result\u00f3 beneficiario de la ayuda de COMEDOR y LIBROS<strong>\u00a0se le renueva de oficio la concesi\u00f3n para 2020\/21.<\/strong>\u00a0No necesita presentar nueva solicitud de participaci\u00f3n, salvo que s\u00f3lo tengan una de ellas concedida y quieran presentar solicitud de ampliaci\u00f3n a libros o comedor acorde a su curso de matr\u00edcula.<\/p>\n<p class=\"cmParagraph\"><span class=\"rojo\">El alumnado que no result\u00f3 beneficiarios en 2019\/20, podr\u00e1 presentar\u00a0<\/span><strong class=\"rojo\">solicitud general<\/strong>\u00a0de la\u00a0<span class=\"cmUnderline \">ayuda de uso de libros<\/span>\u00a0de texto siempre que en el curso escolar 2020\/2021 vaya a estar matriculados en 1\u00ba, 2\u00ba,3\u00ba, 4\u00ba, 5\u00ba o 6\u00ba de educaci\u00f3n primaria y 1\u00ba, 2\u00ba, 3\u00ba o 4\u00ba de educaci\u00f3n secundaria y podr\u00e1 solicitar\u00a0<span class=\"cmUnderline \">la ayuda de comedor<\/span>\u00a0s\u00f3lo los alumnos que en el curso escolar 2020\/2021 vayan a estar matriculados en segundo ciclo de infantil o en educaci\u00f3n primaria.<\/p>\n<p class=\"cmParagraph\">Se conceder\u00e1n las ayudas en especie a los nuevos solicitantes cuya renta familiar no supere el l\u00edmite establecido en la siguiente tabla y se matricule en el curso 2020\/2021 dependiendo de la ayuda solicitada\u00a0 en los cursos objeto de la convocatoria.<\/p>\n<div class=\"cmAligncenter\">\n<table class=\"cmTable\">\n<tbody>\n<tr>\n<td width=\"189\">\n<p class=\"cmParagraph cmAligncenter\"><strong>Miembros de la unidad familiar<\/strong><\/p>\n<\/td>\n<td width=\"189\">\n<p class=\"cmParagraph cmAligncenter\"><strong>Ayuda total (comedores) y Tramo I (libros) si la renta es igual\u00a0o menor<\/strong>\u00a0<strong>a<\/strong><\/p>\n<\/td>\n<td width=\"189\">\n<p class=\"cmParagraph cmAligncenter\"><strong>Ayuda parcial (comedores) y Tramo II (libros) s la renta es igual o menor a<\/strong><\/p>\n<\/td>\n<\/tr>\n<tr>\n<td width=\"189\">\n<p class=\"cmParagraph cmAligncenter\"><strong>1<\/strong><\/p>\n<\/td>\n<td width=\"189\">\n<p class=\"cmParagraph cmAligncenter\"><strong>5.357,35<\/strong><\/p>\n<\/td>\n<td width=\"189\">\n<p class=\"cmParagraph cmAligncenter\"><strong>11.480,92<\/strong><\/p>\n<\/td>\n<\/tr>\n<tr>\n<td width=\"189\">\n<p class=\"cmParagraph cmAligncenter\"><strong>2<\/strong><\/p>\n<\/td>\n<td width=\"189\">\n<p class=\"cmParagraph cmAligncenter\"><strong>6.037,32<\/strong><\/p>\n<\/td>\n<td width=\"189\">\n<p class=\"cmParagraph cmAligncenter\"><strong>13.344,71<\/strong><\/p>\n<\/td>\n<\/tr>\n<tr>\n<td width=\"189\">\n<p class=\"cmParagraph cmAligncenter\"><strong>3<\/strong><\/p>\n<\/td>\n<td width=\"189\">\n<p class=\"cmParagraph cmAligncenter\"><strong>6.717,30<\/strong><\/p>\n<\/td>\n<td width=\"189\">\n<p class=\"cmParagraph cmAligncenter\"><strong>15.208,50<\/strong><\/p>\n<\/td>\n<\/tr>\n<tr>\n<td width=\"189\">\n<p class=\"cmParagraph cmAligncenter\"><strong>4<\/strong><\/p>\n<\/td>\n<td width=\"189\">\n<p class=\"cmParagraph cmAligncenter\"><strong>7.397,27<\/strong><\/p>\n<\/td>\n<td width=\"189\">\n<p class=\"cmParagraph cmAligncenter\"><strong>17.072,29<\/strong><\/p>\n<\/td>\n<\/tr>\n<tr>\n<td width=\"189\">\n<p class=\"cmParagraph cmAligncenter\"><strong>5<\/strong><\/p>\n<\/td>\n<td width=\"189\">\n<p class=\"cmParagraph cmAligncenter\"><strong>8.077,24<\/strong><\/p>\n<\/td>\n<td width=\"189\">\n<p class=\"cmParagraph cmAligncenter\"><strong>18.936,08<\/strong><\/p>\n<\/td>\n<\/tr>\n<tr>\n<td width=\"189\">\n<p class=\"cmParagraph cmAligncenter\"><strong>6<\/strong><\/p>\n<\/td>\n<td width=\"189\">\n<p class=\"cmParagraph cmAligncenter\"><strong>8.757,21<\/strong><\/p>\n<\/td>\n<td width=\"189\">\n<p class=\"cmParagraph cmAligncenter\"><strong>20.799,87<\/strong><\/p>\n<\/td>\n<\/tr>\n<tr>\n<td width=\"189\">\n<p class=\"cmParagraph cmAligncenter\"><strong>7<\/strong><\/p>\n<\/td>\n<td width=\"189\">\n<p class=\"cmParagraph cmAligncenter\"><strong>9.437,18<\/strong><\/p>\n<\/td>\n<td width=\"189\">\n<p class=\"cmParagraph cmAligncenter\"><strong>22.663,66<\/strong><\/p>\n<\/td>\n<\/tr>\n<tr>\n<td width=\"189\">\n<p class=\"cmParagraph cmAligncenter\"><strong>8<\/strong><\/p>\n<\/td>\n<td width=\"189\">\n<p class=\"cmParagraph cmAligncenter\"><strong>10.117,15<\/strong><\/p>\n<\/td>\n<td width=\"189\">\n<p class=\"cmParagraph cmAligncenter\"><strong>24.527,45<\/strong><\/p>\n<\/td>\n<\/tr>\n<tr>\n<td width=\"189\">\n<p class=\"cmParagraph cmAligncenter\"><strong>9<\/strong><\/p>\n<\/td>\n<td width=\"189\">\n<p class=\"cmParagraph cmAligncenter\"><strong>10.797,12<\/strong><\/p>\n<\/td>\n<td width=\"189\">\n<p class=\"cmParagraph cmAligncenter\"><strong>26.391,24<\/strong><\/p>\n<\/td>\n<\/tr>\n<tr>\n<td width=\"189\">\n<p class=\"cmParagraph cmAligncenter\"><strong>10<\/strong><\/p>\n<\/td>\n<td width=\"189\">\n<p class=\"cmParagraph cmAligncenter\"><strong>11.477,10<\/strong><\/p>\n<\/td>\n<td width=\"189\">\n<p class=\"cmParagraph cmAligncenter\"><strong>28.255,03<\/strong><\/p>\n<\/td>\n<\/tr>\n<tr>\n<td width=\"189\">\n<p class=\"cmParagraph cmAligncenter\"><strong>11<\/strong><\/p>\n<\/td>\n<td width=\"189\">\n<p class=\"cmParagraph cmAligncenter\"><strong>12.157,07<\/strong><\/p>\n<\/td>\n<td width=\"189\">\n<p class=\"cmParagraph cmAligncenter\"><strong>30.118,82<\/strong><\/p>\n<\/td>\n<\/tr>\n<tr>\n<td width=\"189\">\n<p class=\"cmParagraph cmAligncenter\"><strong>12<\/strong><\/p>\n<\/td>\n<td width=\"189\">\n<p class=\"cmParagraph cmAligncenter\"><strong>12.837,04<\/strong><\/p>\n<\/td>\n<td width=\"189\">\n<p class=\"cmParagraph cmAligncenter\"><strong>31.982,61<\/strong><\/p>\n<\/td>\n<\/tr>\n<\/tbody>\n<\/table>\n<\/div>\n<p class=\"cmParagraph\"><strong>Presentaci\u00f3n de solicitudes:<\/strong><\/p>\n<ul class=\"rojo\">\n<li>Presentaci\u00f3n de solicitudes\u00a0<strong>Familias<\/strong>: del 06 al 24 de julio del 2020, ambos inclusive.<\/li>\n<\/ul>\n<p class=\"cmParagraph\"><strong>El \u00fanico medio de presentaci\u00f3n de las solicitudes por parte de las familias es de forma telem\u00e1tica mediante la secretar\u00eda virtual de la\u00a0<a title=\"Pap\u00e1s\" href=\"https:\/\/papas.jccm.es\/\" target=\"_blank\" rel=\"noopener noreferrer\">plataforma educativa Pap\u00e1s 2.0<img decoding=\"async\" class=\"cmPopupIcon\" src=\"http:\/\/www.educa.jccm.es\/educacion\/imagenes\/popup\/popup_external_small.gif\" alt=\"Este enlace se abrir\u00e1 en una ventana nueva\" \/><\/a><\/strong>.<\/p>\n<ul class=\"rojo\">\n<li>Presentaci\u00f3n de solicitudes\u00a0<strong>Centros Privados Concertados<\/strong>: del 06 al 24 de julio del 2020, ambos inclusive.<\/li>\n<\/ul>\n<p class=\"cmParagraph\"><strong>Seguimiento de la Solicitud:<\/strong><\/p>\n<p class=\"cmParagraph\"><strong>Para las FAMILIAS:<\/strong><\/p>\n<p class=\"cmParagraph\">La informaci\u00f3n del proceso se realizar\u00e1 de forma individualizada en<a title=\"https:\/\/papas.jccm.es\/\" href=\"https:\/\/papas.jccm.es\/\" target=\"_blank\" rel=\"noopener noreferrer\"><strong>\u00a0Papas 2.0<\/strong><img decoding=\"async\" class=\"cmPopupIcon\" src=\"http:\/\/www.educa.jccm.es\/educacion\/imagenes\/popup\/popup_external_small.gif\" alt=\"Este enlace se abrir\u00e1 en una ventana nueva\" \/><\/a>, desde el m\u00f3dulo Secretar\u00eda Virtual con la opci\u00f3n:<\/p>\n<p class=\"cmParagraph\">\u201cMis tr\u00e1mites\u201d &gt; \u201cMis solicitudes\u201d &gt; \u201cMis solicitudes\u201d, donde aparecer\u00e1 la solicitud que se realiz\u00f3 en su momento y al hacer clic sobre ella aparecer\u00e1 la opci\u00f3n \u201cDatos de la solicitud\u201d, que mostrar\u00e1 la informaci\u00f3n del seguimiento.<\/p>\n<\/div>\n<\/div>\n<\/div>\n<\/div>\n<\/div>\n<\/div>\n<\/td>\n<\/tr>\n<\/tbody>\n<\/table>\n<\/td>\n<\/tr>\n<\/tbody>\n<\/table>\n<p>Mas informaci\u00f3n:<\/p>\n<h2><a href=\"http:\/\/www.educa.jccm.es\/alumnado\/es\/servicios-educativos\/convocatoria-ayudas-comedores-escolares-libros-texto-curso\">http:\/\/www.educa.jccm.es\/alumnado\/es\/servicios-educativos\/convocatoria-ayudas-comedores-escolares-libros-texto-curso<\/a><\/h2>\n<h2><a href=\"https:\/\/www.infantedonfelipe.es\/contenido\/wp-content\/uploads\/2020\/07\/Guia-FAMILIAS-Solicitud-Ayudas-Comedor-y-Libros-20_21.pdf\">Guia FAMILIAS Solicitud Ayudas Comedor y Libros 20_21<\/a><\/h2>\n<h2><a href=\"https:\/\/docm.castillalamancha.es\/portaldocm\/descargarArchivo.do?ruta=2020\/07\/03\/pdf\/2020_4416.pdf&amp;tipo=rutaDocm\">https:\/\/docm.castillalamancha.es\/portaldocm\/descargarArchivo.do?ruta=2020\/07\/03\/pdf\/2020_4416.pdf&amp;tipo=rutaDocm<\/a><\/h2>\n<p><a href=\"https:\/\/www.infantedonfelipe.es\/contenido\/wp-content\/uploads\/2020\/07\/cartel-ayuda-libros.jpg\"><img loading=\"lazy\" decoding=\"async\" class=\"alignnone size-full wp-image-15492\" src=\"https:\/\/www.infantedonfelipe.es\/contenido\/wp-content\/uploads\/2020\/07\/cartel-ayuda-libros.jpg\" alt=\"\" width=\"500\" height=\"706\" srcset=\"https:\/\/www.infantedonfelipe.es\/contenido\/wp-content\/uploads\/2020\/07\/cartel-ayuda-libros.jpg 500w, https:\/\/www.infantedonfelipe.es\/contenido\/wp-content\/uploads\/2020\/07\/cartel-ayuda-libros-212x300.jpg 212w\" sizes=\"(max-width: 500px) 100vw, 500px\" \/><\/a><\/p>\n","protected":false},"excerpt":{"rendered":"<p>Convocatoria de ayudas &#8211; Comedores escolares y Libros de texto. Curso 2020\/2021 Actualizado el:3\/07\/2020 Convocatoria de Ayudas consistentes en el uso de libros de texto y de comedor escolar alumnado matriculado en centros sostenidos con fondos p\u00fablicos de Castilla-La Mancha. Curso 2020\/2021. Al alumnado que en 2019\/20 result\u00f3 beneficiario de la ayuda de COMEDOR y [&hellip;]<\/p>\n","protected":false},"author":3,"featured_media":0,"comment_status":"closed","ping_status":"open","sticky":false,"template":"","format":"standard","meta":{"footnotes":""},"categories":[1],"tags":[],"_links":{"self":[{"href":"https:\/\/www.infantedonfelipe.es\/contenido\/wp-json\/wp\/v2\/posts\/15491"}],"collection":[{"href":"https:\/\/www.infantedonfelipe.es\/contenido\/wp-json\/wp\/v2\/posts"}],"about":[{"href":"https:\/\/www.infantedonfelipe.es\/contenido\/wp-json\/wp\/v2\/types\/post"}],"author":[{"embeddable":true,"href":"https:\/\/www.infantedonfelipe.es\/contenido\/wp-json\/wp\/v2\/users\/3"}],"replies":[{"embeddable":true,"href":"https:\/\/www.infantedonfelipe.es\/contenido\/wp-json\/wp\/v2\/comments?post=15491"}],"version-history":[{"count":3,"href":"https:\/\/www.infantedonfelipe.es\/contenido\/wp-json\/wp\/v2\/posts\/15491\/revisions"}],"predecessor-version":[{"id":15496,"href":"https:\/\/www.infantedonfelipe.es\/contenido\/wp-json\/wp\/v2\/posts\/15491\/revisions\/15496"}],"wp:attachment":[{"href":"https:\/\/www.infantedonfelipe.es\/contenido\/wp-json\/wp\/v2\/media?parent=15491"}],"wp:term":[{"taxonomy":"category","embeddable":true,"href":"https:\/\/www.infantedonfelipe.es\/contenido\/wp-json\/wp\/v2\/categories?post=15491"},{"taxonomy":"post_tag","embeddable":true,"href":"https:\/\/www.infantedonfelipe.es\/contenido\/wp-json\/wp\/v2\/tags?post=15491"}],"curies":[{"name":"wp","href":"https:\/\/api.w.org\/{rel}","templated":true}]}}