{"id":15690,"date":"2020-10-30T19:00:59","date_gmt":"2020-10-30T19:00:59","guid":{"rendered":"https:\/\/www.infantedonfelipe.es\/contenido\/?p=15690"},"modified":"2020-10-30T19:00:59","modified_gmt":"2020-10-30T19:00:59","slug":"hoy-se-despedian-nuestras-alumnas-de-practicas-angela-y-raquel-pero-el-ano-que-viene-volveran","status":"publish","type":"post","link":"https:\/\/www.infantedonfelipe.es\/contenido\/2020\/10\/30\/hoy-se-despedian-nuestras-alumnas-de-practicas-angela-y-raquel-pero-el-ano-que-viene-volveran\/","title":{"rendered":"HOY SE DESPED\u00cdAN NUESTRAS ALUMNAS DE PR\u00c1CTICAS, \u00c1NGELA Y RAQUEL, PERO EL A\u00d1O QUE VIENE VOLVER\u00c1N"},"content":{"rendered":"<p>Hoy era un d\u00eda de despedidas. Celebr\u00e1bamos Halloween pero, a la vez, la fase Practicum-I de nuestras alumnas de la Facultad de Educaci\u00f3n terminaban sus pr\u00e1cticas en nuestro Colegio aunque volver\u00e1n, seguro, el curso que viene. Ha sido algo m\u00e1s de un mes y \u00c1ngela, en 4\u00ba de Ed. Primaria, y Raquel, en 4 A\u00f1os de Ed. Infantil, han conocido de primera mano el trabajo que se realiza en el Infante Don Felipe. Ambas han sido alumnas del Cole, ahora realizan sus pr\u00e1cticas y, \u00bfqui\u00e9n sabe?, quiz\u00e1 en el futuro formen parte del Claustro.<\/p>\n<p>Aqu\u00ed os dejamos un par de fotos de su d\u00eda de despedida&#8230;\u00a1\u00a1\u00a1y hasta el a\u00f1o pr\u00f3ximo!!!<\/p>\n<p><a href=\"https:\/\/www.infantedonfelipe.es\/contenido\/wp-content\/uploads\/2020\/10\/IMG-20201030-WA0014.jpg\"><img loading=\"lazy\" decoding=\"async\" class=\"alignnone size-full wp-image-15691\" src=\"https:\/\/www.infantedonfelipe.es\/contenido\/wp-content\/uploads\/2020\/10\/IMG-20201030-WA0014.jpg\" alt=\"\" width=\"1599\" height=\"1200\" srcset=\"https:\/\/www.infantedonfelipe.es\/contenido\/wp-content\/uploads\/2020\/10\/IMG-20201030-WA0014.jpg 1599w, https:\/\/www.infantedonfelipe.es\/contenido\/wp-content\/uploads\/2020\/10\/IMG-20201030-WA0014-300x225.jpg 300w, https:\/\/www.infantedonfelipe.es\/contenido\/wp-content\/uploads\/2020\/10\/IMG-20201030-WA0014-768x576.jpg 768w, https:\/\/www.infantedonfelipe.es\/contenido\/wp-content\/uploads\/2020\/10\/IMG-20201030-WA0014-1024x768.jpg 1024w, https:\/\/www.infantedonfelipe.es\/contenido\/wp-content\/uploads\/2020\/10\/IMG-20201030-WA0014-136x102.jpg 136w\" sizes=\"(max-width: 1599px) 100vw, 1599px\" \/><\/a> <a href=\"https:\/\/www.infantedonfelipe.es\/contenido\/wp-content\/uploads\/2020\/10\/IMG20201030123903.jpg\"><img loading=\"lazy\" decoding=\"async\" class=\"alignnone size-full wp-image-15692\" src=\"https:\/\/www.infantedonfelipe.es\/contenido\/wp-content\/uploads\/2020\/10\/IMG20201030123903.jpg\" alt=\"\" width=\"4000\" height=\"3000\" srcset=\"https:\/\/www.infantedonfelipe.es\/contenido\/wp-content\/uploads\/2020\/10\/IMG20201030123903.jpg 4000w, https:\/\/www.infantedonfelipe.es\/contenido\/wp-content\/uploads\/2020\/10\/IMG20201030123903-300x225.jpg 300w, https:\/\/www.infantedonfelipe.es\/contenido\/wp-content\/uploads\/2020\/10\/IMG20201030123903-768x576.jpg 768w, https:\/\/www.infantedonfelipe.es\/contenido\/wp-content\/uploads\/2020\/10\/IMG20201030123903-1024x768.jpg 1024w, https:\/\/www.infantedonfelipe.es\/contenido\/wp-content\/uploads\/2020\/10\/IMG20201030123903-136x102.jpg 136w\" sizes=\"(max-width: 4000px) 100vw, 4000px\" \/><\/a><\/p>\n","protected":false},"excerpt":{"rendered":"<p>Hoy era un d\u00eda de despedidas. Celebr\u00e1bamos Halloween pero, a la vez, la fase Practicum-I de nuestras alumnas de la Facultad de Educaci\u00f3n terminaban sus pr\u00e1cticas en nuestro Colegio aunque volver\u00e1n, seguro, el curso que viene. Ha sido algo m\u00e1s de un mes y \u00c1ngela, en 4\u00ba de Ed. Primaria, y Raquel, en 4 A\u00f1os [&hellip;]<\/p>\n","protected":false},"author":3,"featured_media":0,"comment_status":"closed","ping_status":"open","sticky":false,"template":"","format":"standard","meta":{"footnotes":""},"categories":[1],"tags":[],"_links":{"self":[{"href":"https:\/\/www.infantedonfelipe.es\/contenido\/wp-json\/wp\/v2\/posts\/15690"}],"collection":[{"href":"https:\/\/www.infantedonfelipe.es\/contenido\/wp-json\/wp\/v2\/posts"}],"about":[{"href":"https:\/\/www.infantedonfelipe.es\/contenido\/wp-json\/wp\/v2\/types\/post"}],"author":[{"embeddable":true,"href":"https:\/\/www.infantedonfelipe.es\/contenido\/wp-json\/wp\/v2\/users\/3"}],"replies":[{"embeddable":true,"href":"https:\/\/www.infantedonfelipe.es\/contenido\/wp-json\/wp\/v2\/comments?post=15690"}],"version-history":[{"count":1,"href":"https:\/\/www.infantedonfelipe.es\/contenido\/wp-json\/wp\/v2\/posts\/15690\/revisions"}],"predecessor-version":[{"id":15693,"href":"https:\/\/www.infantedonfelipe.es\/contenido\/wp-json\/wp\/v2\/posts\/15690\/revisions\/15693"}],"wp:attachment":[{"href":"https:\/\/www.infantedonfelipe.es\/contenido\/wp-json\/wp\/v2\/media?parent=15690"}],"wp:term":[{"taxonomy":"category","embeddable":true,"href":"https:\/\/www.infantedonfelipe.es\/contenido\/wp-json\/wp\/v2\/categories?post=15690"},{"taxonomy":"post_tag","embeddable":true,"href":"https:\/\/www.infantedonfelipe.es\/contenido\/wp-json\/wp\/v2\/tags?post=15690"}],"curies":[{"name":"wp","href":"https:\/\/api.w.org\/{rel}","templated":true}]}}