{"id":15694,"date":"2020-11-09T16:33:28","date_gmt":"2020-11-09T16:33:28","guid":{"rendered":"https:\/\/www.infantedonfelipe.es\/contenido\/?p=15694"},"modified":"2020-11-09T16:33:28","modified_gmt":"2020-11-09T16:33:28","slug":"participaremos-en-un-estudio-sobre-concentracion-de-co2-en-aulas-y-ventilacion-de-estas","status":"publish","type":"post","link":"https:\/\/www.infantedonfelipe.es\/contenido\/2020\/11\/09\/participaremos-en-un-estudio-sobre-concentracion-de-co2-en-aulas-y-ventilacion-de-estas\/","title":{"rendered":"PARTICIPAREMOS EN UN ESTUDIO SOBRE CONCENTRACI\u00d3N DE CO2 EN AULAS Y VENTILACI\u00d3N DE ESTAS"},"content":{"rendered":"<p><a href=\"https:\/\/www.infantedonfelipe.es\/contenido\/wp-content\/uploads\/2020\/11\/61Qluqb5HL._AC_SY450_.jpg\"><img loading=\"lazy\" decoding=\"async\" class=\"alignnone size-full wp-image-15695\" src=\"https:\/\/www.infantedonfelipe.es\/contenido\/wp-content\/uploads\/2020\/11\/61Qluqb5HL._AC_SY450_.jpg\" alt=\"\" width=\"411\" height=\"450\" srcset=\"https:\/\/www.infantedonfelipe.es\/contenido\/wp-content\/uploads\/2020\/11\/61Qluqb5HL._AC_SY450_.jpg 411w, https:\/\/www.infantedonfelipe.es\/contenido\/wp-content\/uploads\/2020\/11\/61Qluqb5HL._AC_SY450_-274x300.jpg 274w\" sizes=\"(max-width: 411px) 100vw, 411px\" \/><\/a><\/p>\n<p>Nos han invitado a participar en una una campa\u00f1a de medida de la ventilaci\u00f3n en los colegios mediante la monitorizaci\u00f3n del CO2 en las aulas dentro de un estudio que realiza el Instituto de Investigaci\u00f3n en Combusti\u00f3n y Contaminaci\u00f3n Atmosf\u00e9rica de la UCLM, con la investigadora Florentina Villanueva al frente, en el que se medir\u00e1n las concentraciones de CO2 en determinadas aulas y, adem\u00e1s, se probar\u00e1n distintos medidores de bajo coste con el objetivo de poder recomendar algunos a los colegios, oficinas y personas que nos solicitan asesoramiento en este aspecto. Con este estudio nos podr\u00e1n asesorar respecto a la ventilaci\u00f3n de cara al invierno y calcular las renovaciones de aire (ACH) de las aulas que seg\u00fan la gu\u00eda del CSIC deben ser 5 (ACH=5) en los colegios para reducir la transmisi\u00f3n del virus por aerosoles en caso de que un infectado est\u00e9 en el aula.<\/p>\n<p>Creemos que es un paso m\u00e1s para buscar la eficiencia contra el COVID-19 y preservar, de la mejor manera posible, la salud de nuestros alumnos y alumnas.<\/p>\n","protected":false},"excerpt":{"rendered":"<p>Nos han invitado a participar en una una campa\u00f1a de medida de la ventilaci\u00f3n en los colegios mediante la monitorizaci\u00f3n del CO2 en las aulas dentro de un estudio que realiza el Instituto de Investigaci\u00f3n en Combusti\u00f3n y Contaminaci\u00f3n Atmosf\u00e9rica de la UCLM, con la investigadora Florentina Villanueva al frente, en el que se medir\u00e1n [&hellip;]<\/p>\n","protected":false},"author":3,"featured_media":0,"comment_status":"closed","ping_status":"open","sticky":false,"template":"","format":"standard","meta":{"footnotes":""},"categories":[1],"tags":[],"_links":{"self":[{"href":"https:\/\/www.infantedonfelipe.es\/contenido\/wp-json\/wp\/v2\/posts\/15694"}],"collection":[{"href":"https:\/\/www.infantedonfelipe.es\/contenido\/wp-json\/wp\/v2\/posts"}],"about":[{"href":"https:\/\/www.infantedonfelipe.es\/contenido\/wp-json\/wp\/v2\/types\/post"}],"author":[{"embeddable":true,"href":"https:\/\/www.infantedonfelipe.es\/contenido\/wp-json\/wp\/v2\/users\/3"}],"replies":[{"embeddable":true,"href":"https:\/\/www.infantedonfelipe.es\/contenido\/wp-json\/wp\/v2\/comments?post=15694"}],"version-history":[{"count":1,"href":"https:\/\/www.infantedonfelipe.es\/contenido\/wp-json\/wp\/v2\/posts\/15694\/revisions"}],"predecessor-version":[{"id":15696,"href":"https:\/\/www.infantedonfelipe.es\/contenido\/wp-json\/wp\/v2\/posts\/15694\/revisions\/15696"}],"wp:attachment":[{"href":"https:\/\/www.infantedonfelipe.es\/contenido\/wp-json\/wp\/v2\/media?parent=15694"}],"wp:term":[{"taxonomy":"category","embeddable":true,"href":"https:\/\/www.infantedonfelipe.es\/contenido\/wp-json\/wp\/v2\/categories?post=15694"},{"taxonomy":"post_tag","embeddable":true,"href":"https:\/\/www.infantedonfelipe.es\/contenido\/wp-json\/wp\/v2\/tags?post=15694"}],"curies":[{"name":"wp","href":"https:\/\/api.w.org\/{rel}","templated":true}]}}