{"id":15889,"date":"2020-11-26T11:53:20","date_gmt":"2020-11-26T11:53:20","guid":{"rendered":"https:\/\/www.infantedonfelipe.es\/contenido\/?p=15889"},"modified":"2020-11-26T11:53:20","modified_gmt":"2020-11-26T11:53:20","slug":"medidores-de-co2-otro-buen-complemento-para-nuestras-aulas","status":"publish","type":"post","link":"https:\/\/www.infantedonfelipe.es\/contenido\/2020\/11\/26\/medidores-de-co2-otro-buen-complemento-para-nuestras-aulas\/","title":{"rendered":"MEDIDORES DE CO2, OTRO BUEN COMPLEMENTO PARA NUESTRAS AULAS."},"content":{"rendered":"<p><a href=\"https:\/\/www.infantedonfelipe.es\/contenido\/wp-content\/uploads\/2020\/11\/medidor-de-co2.jpg\"><img loading=\"lazy\" decoding=\"async\" class=\"alignnone size-full wp-image-15890\" src=\"https:\/\/www.infantedonfelipe.es\/contenido\/wp-content\/uploads\/2020\/11\/medidor-de-co2.jpg\" alt=\"\" width=\"4000\" height=\"3000\" srcset=\"https:\/\/www.infantedonfelipe.es\/contenido\/wp-content\/uploads\/2020\/11\/medidor-de-co2.jpg 4000w, https:\/\/www.infantedonfelipe.es\/contenido\/wp-content\/uploads\/2020\/11\/medidor-de-co2-300x225.jpg 300w, https:\/\/www.infantedonfelipe.es\/contenido\/wp-content\/uploads\/2020\/11\/medidor-de-co2-768x576.jpg 768w, https:\/\/www.infantedonfelipe.es\/contenido\/wp-content\/uploads\/2020\/11\/medidor-de-co2-1024x768.jpg 1024w, https:\/\/www.infantedonfelipe.es\/contenido\/wp-content\/uploads\/2020\/11\/medidor-de-co2-136x102.jpg 136w\" sizes=\"(max-width: 4000px) 100vw, 4000px\" \/><\/a><\/p>\n<p>De momento hemos conseguido un medidor de CO2 que nos permite conocer la acumulaci\u00f3n de di\u00f3xido de carbono en una clase y, con ello, saber en qu\u00e9 momentos de cada jornada es necesario ventilar las aulas. Evidentemente se est\u00e1 utilizando por aulas, a modo de estudio y an\u00e1lisis, puesto que con un solo medidor resulta insuficiente.<\/p>\n<p>Como informamos anteriormente vamos a participar en un estudio de la UCLM que tiene como objetivo conocer estos datos de acumulaci\u00f3n de CO2 y establecer par\u00e1metros de ventilaci\u00f3n m\u00e1s adecuados para nuestras aulas y que combinadas con los purificadores de filtros HEPA y las dem\u00e1s medidas de higiene fortalezcan la seguridad de nuestros alumnos y alumnas.<\/p>\n<p>En la imagen nuestro medidor. La foto est\u00e1 tomada a las 8:45 en un aula a\u00fan sin alumnos y cerrada. La concentraci\u00f3n es de 418 ppm, que est\u00e1 dentro de lo normal, pero que con la actividad humana puede subir<\/p>\n<h4>Los niveles caracter\u00edsticos de la concentraci\u00f3n de CO<sub>2<\/sub>\u00a0y sus influencias en el organismo humano<\/h4>\n<div class=\"cs-table-responsive\">\n<div class=\"table-responsive\">\n<table class=\"table\">\n<thead>\n<tr>\n<th>Concentraci\u00f3n de di\u00f3xido de carbono en el aire<\/th>\n<th>Consideraciones<\/th>\n<\/tr>\n<\/thead>\n<tbody>\n<tr>\n<td>350-450 ppm<\/td>\n<td>Concentraci\u00f3n t\u00edpica de CO<sub>2<\/sub>\u00a0en la atm\u00f3sfera con tendencia al alza debido a la actividad del hombre<\/td>\n<\/tr>\n<tr>\n<td>600-800 ppm<\/td>\n<td>nivel aceptable de concentraci\u00f3n a largo plazo que no causa efectos secundarios<\/td>\n<\/tr>\n<tr>\n<td>1000 ppm<\/td>\n<td>nivel l\u00edmite de concentraci\u00f3n a largo plazo en espacios cerrados<\/td>\n<\/tr>\n<tr>\n<td>5000 ppm*<\/td>\n<td>nivel aceptable en exposici\u00f3n de 8 horas<\/td>\n<\/tr>\n<tr>\n<td>6000-30000 ppm<\/td>\n<td>nivel aceptable de concentraci\u00f3n en corta exposici\u00f3n<\/td>\n<\/tr>\n<\/tbody>\n<\/table>\n<\/div>\n<\/div>\n","protected":false},"excerpt":{"rendered":"<p>De momento hemos conseguido un medidor de CO2 que nos permite conocer la acumulaci\u00f3n de di\u00f3xido de carbono en una clase y, con ello, saber en qu\u00e9 momentos de cada jornada es necesario ventilar las aulas. Evidentemente se est\u00e1 utilizando por aulas, a modo de estudio y an\u00e1lisis, puesto que con un solo medidor resulta [&hellip;]<\/p>\n","protected":false},"author":3,"featured_media":0,"comment_status":"closed","ping_status":"open","sticky":false,"template":"","format":"standard","meta":{"footnotes":""},"categories":[1],"tags":[],"_links":{"self":[{"href":"https:\/\/www.infantedonfelipe.es\/contenido\/wp-json\/wp\/v2\/posts\/15889"}],"collection":[{"href":"https:\/\/www.infantedonfelipe.es\/contenido\/wp-json\/wp\/v2\/posts"}],"about":[{"href":"https:\/\/www.infantedonfelipe.es\/contenido\/wp-json\/wp\/v2\/types\/post"}],"author":[{"embeddable":true,"href":"https:\/\/www.infantedonfelipe.es\/contenido\/wp-json\/wp\/v2\/users\/3"}],"replies":[{"embeddable":true,"href":"https:\/\/www.infantedonfelipe.es\/contenido\/wp-json\/wp\/v2\/comments?post=15889"}],"version-history":[{"count":1,"href":"https:\/\/www.infantedonfelipe.es\/contenido\/wp-json\/wp\/v2\/posts\/15889\/revisions"}],"predecessor-version":[{"id":15891,"href":"https:\/\/www.infantedonfelipe.es\/contenido\/wp-json\/wp\/v2\/posts\/15889\/revisions\/15891"}],"wp:attachment":[{"href":"https:\/\/www.infantedonfelipe.es\/contenido\/wp-json\/wp\/v2\/media?parent=15889"}],"wp:term":[{"taxonomy":"category","embeddable":true,"href":"https:\/\/www.infantedonfelipe.es\/contenido\/wp-json\/wp\/v2\/categories?post=15889"},{"taxonomy":"post_tag","embeddable":true,"href":"https:\/\/www.infantedonfelipe.es\/contenido\/wp-json\/wp\/v2\/tags?post=15889"}],"curies":[{"name":"wp","href":"https:\/\/api.w.org\/{rel}","templated":true}]}}