{"id":16710,"date":"2021-01-05T17:49:32","date_gmt":"2021-01-05T17:49:32","guid":{"rendered":"https:\/\/www.infantedonfelipe.es\/contenido\/?p=16710"},"modified":"2021-01-05T17:49:32","modified_gmt":"2021-01-05T17:49:32","slug":"la-consejeria-de-educacion-suspende-las-actividades-lectivas-del-viernes-8-de-enero-de-2021","status":"publish","type":"post","link":"https:\/\/www.infantedonfelipe.es\/contenido\/2021\/01\/05\/la-consejeria-de-educacion-suspende-las-actividades-lectivas-del-viernes-8-de-enero-de-2021\/","title":{"rendered":"LA CONSEJER\u00cdA DE EDUCACI\u00d3N SUSPENDE LAS ACTIVIDADES LECTIVAS DEL VIERNES, 8 DE ENERO DE 2021"},"content":{"rendered":"<p>Aqu\u00ed dejamos las instrucciones firmadas por la Consejera de Educaci\u00f3n de Castilla-La mancha por la que se suspenden las actividades lectivas el pr\u00f3ximo viernes, d\u00eda en el que deb\u00edan reanudarse las clases tras las vacaciones de Navidad. Por tanto ser\u00e1 el lunes, 11 de enero, cuando comiencen las clases del Segundo Trimestre. Esta informaci\u00f3n tambi\u00e9n ser\u00e1 trasladada a las familias a trav\u00e9s de la Plataforma EducamosCLM (antiguo Pap\u00e1s 2.0.), por los grupos de WhatsApp y en el Facebook e Instagram del Colegio:<\/p>\n<p><a href=\"https:\/\/www.infantedonfelipe.es\/contenido\/wp-content\/uploads\/2021\/01\/aviso-importante.png\"><img loading=\"lazy\" decoding=\"async\" class=\"alignnone size-full wp-image-16711\" src=\"https:\/\/www.infantedonfelipe.es\/contenido\/wp-content\/uploads\/2021\/01\/aviso-importante.png\" alt=\"\" width=\"765\" height=\"835\" srcset=\"https:\/\/www.infantedonfelipe.es\/contenido\/wp-content\/uploads\/2021\/01\/aviso-importante.png 765w, https:\/\/www.infantedonfelipe.es\/contenido\/wp-content\/uploads\/2021\/01\/aviso-importante-275x300.png 275w\" sizes=\"(max-width: 765px) 100vw, 765px\" \/><\/a><\/p>\n","protected":false},"excerpt":{"rendered":"<p>Aqu\u00ed dejamos las instrucciones firmadas por la Consejera de Educaci\u00f3n de Castilla-La mancha por la que se suspenden las actividades lectivas el pr\u00f3ximo viernes, d\u00eda en el que deb\u00edan reanudarse las clases tras las vacaciones de Navidad. Por tanto ser\u00e1 el lunes, 11 de enero, cuando comiencen las clases del Segundo Trimestre. Esta informaci\u00f3n tambi\u00e9n [&hellip;]<\/p>\n","protected":false},"author":3,"featured_media":0,"comment_status":"closed","ping_status":"open","sticky":false,"template":"","format":"standard","meta":{"footnotes":""},"categories":[1],"tags":[],"_links":{"self":[{"href":"https:\/\/www.infantedonfelipe.es\/contenido\/wp-json\/wp\/v2\/posts\/16710"}],"collection":[{"href":"https:\/\/www.infantedonfelipe.es\/contenido\/wp-json\/wp\/v2\/posts"}],"about":[{"href":"https:\/\/www.infantedonfelipe.es\/contenido\/wp-json\/wp\/v2\/types\/post"}],"author":[{"embeddable":true,"href":"https:\/\/www.infantedonfelipe.es\/contenido\/wp-json\/wp\/v2\/users\/3"}],"replies":[{"embeddable":true,"href":"https:\/\/www.infantedonfelipe.es\/contenido\/wp-json\/wp\/v2\/comments?post=16710"}],"version-history":[{"count":1,"href":"https:\/\/www.infantedonfelipe.es\/contenido\/wp-json\/wp\/v2\/posts\/16710\/revisions"}],"predecessor-version":[{"id":16712,"href":"https:\/\/www.infantedonfelipe.es\/contenido\/wp-json\/wp\/v2\/posts\/16710\/revisions\/16712"}],"wp:attachment":[{"href":"https:\/\/www.infantedonfelipe.es\/contenido\/wp-json\/wp\/v2\/media?parent=16710"}],"wp:term":[{"taxonomy":"category","embeddable":true,"href":"https:\/\/www.infantedonfelipe.es\/contenido\/wp-json\/wp\/v2\/categories?post=16710"},{"taxonomy":"post_tag","embeddable":true,"href":"https:\/\/www.infantedonfelipe.es\/contenido\/wp-json\/wp\/v2\/tags?post=16710"}],"curies":[{"name":"wp","href":"https:\/\/api.w.org\/{rel}","templated":true}]}}