{"id":16726,"date":"2021-02-02T07:02:10","date_gmt":"2021-02-02T07:02:10","guid":{"rendered":"https:\/\/www.infantedonfelipe.es\/contenido\/?p=16726"},"modified":"2021-02-02T07:02:39","modified_gmt":"2021-02-02T07:02:39","slug":"jornada-de-puertas-abiertas-virtuales","status":"publish","type":"post","link":"https:\/\/www.infantedonfelipe.es\/contenido\/2021\/02\/02\/jornada-de-puertas-abiertas-virtuales\/","title":{"rendered":"JORNADA DE PUERTAS ABIERTAS VIRTUALES DEL \u00abINFANTE DON FELIPE\u00bb"},"content":{"rendered":"<div dir=\"auto\">\n<div dir=\"auto\">V\u00cdDEO 1: JORNADA DE PUERTAS ABIERTAS VIRTUAL DEL CEIP \u00abINFANTE DON FELIPE\u00bb<\/div>\n<div dir=\"auto\">Hemos querido hacer un v\u00eddeo sencillo con el recorrido que cualquiera de las familias podr\u00edan hacer por las instalaciones del Infante en un d\u00eda cualquiera acompa\u00f1ados de nuestro Director as\u00ed como las palabras de los maestros que, en principio, se har\u00e1n cargo de los nuevos alumnos y alumnas de 3 a\u00f1os el pr\u00f3ximo curso.<\/div>\n<div dir=\"auto\">Nos hubiera gustado poder compartir una ma\u00f1ana presencial, como en cualquier otro curso, para aproximarse mucho mejor a la realidad del d\u00eda a d\u00eda del Infante y poder interactuar familias y ni\u00f1os pero dadas las circunstancias os ofrecemos este paseo-visita por nuestro Cole.<\/div>\n<div dir=\"auto\">\u00a1Bienvenidos siempre!<\/div>\n<\/div>\n<div dir=\"auto\"><\/div>\n<p><iframe loading=\"lazy\" src=\"https:\/\/www.youtube.com\/embed\/nTdA9S9-0LU\" width=\"1120\" height=\"630\" frameborder=\"0\" allowfullscreen=\"allowfullscreen\"><\/iframe><\/p>\n<div dir=\"auto\"><\/div>\n<div dir=\"auto\">V\u00cdDEO 2: PUERTAS ABIERTAS\/ RECURSOS DEL INFANTE DON FELIPE.<\/div>\n<div dir=\"auto\">Como este a\u00f1o no podemos hacer una Jornada de Puertas Abiertas os queremos presentar con este v\u00eddeo los recursos espaciales, materiales, did\u00e1cticos, tecnol\u00f3gicos y personales de los que disponemos y que ofertamos a los alumnos que elijan el CEIP \u00abInfante Don Felipe\u00bb para el pr\u00f3ximo curso.<\/div>\n<p><iframe loading=\"lazy\" src=\"https:\/\/www.youtube.com\/embed\/1NgCxP_8Nsk\" width=\"1120\" height=\"630\" frameborder=\"0\" allowfullscreen=\"allowfullscreen\"><span data-mce-type=\"bookmark\" style=\"display: inline-block; width: 0px; overflow: hidden; line-height: 0;\" class=\"mce_SELRES_start\">\ufeff<\/span><\/iframe><\/p>\n","protected":false},"excerpt":{"rendered":"<p>V\u00cdDEO 1: JORNADA DE PUERTAS ABIERTAS VIRTUAL DEL CEIP \u00abINFANTE DON FELIPE\u00bb Hemos querido hacer un v\u00eddeo sencillo con el recorrido que cualquiera de las familias podr\u00edan hacer por las instalaciones del Infante en un d\u00eda cualquiera acompa\u00f1ados de nuestro Director as\u00ed como las palabras de los maestros que, en principio, se har\u00e1n cargo de [&hellip;]<\/p>\n","protected":false},"author":3,"featured_media":0,"comment_status":"closed","ping_status":"open","sticky":false,"template":"","format":"standard","meta":{"footnotes":""},"categories":[1],"tags":[],"_links":{"self":[{"href":"https:\/\/www.infantedonfelipe.es\/contenido\/wp-json\/wp\/v2\/posts\/16726"}],"collection":[{"href":"https:\/\/www.infantedonfelipe.es\/contenido\/wp-json\/wp\/v2\/posts"}],"about":[{"href":"https:\/\/www.infantedonfelipe.es\/contenido\/wp-json\/wp\/v2\/types\/post"}],"author":[{"embeddable":true,"href":"https:\/\/www.infantedonfelipe.es\/contenido\/wp-json\/wp\/v2\/users\/3"}],"replies":[{"embeddable":true,"href":"https:\/\/www.infantedonfelipe.es\/contenido\/wp-json\/wp\/v2\/comments?post=16726"}],"version-history":[{"count":2,"href":"https:\/\/www.infantedonfelipe.es\/contenido\/wp-json\/wp\/v2\/posts\/16726\/revisions"}],"predecessor-version":[{"id":16728,"href":"https:\/\/www.infantedonfelipe.es\/contenido\/wp-json\/wp\/v2\/posts\/16726\/revisions\/16728"}],"wp:attachment":[{"href":"https:\/\/www.infantedonfelipe.es\/contenido\/wp-json\/wp\/v2\/media?parent=16726"}],"wp:term":[{"taxonomy":"category","embeddable":true,"href":"https:\/\/www.infantedonfelipe.es\/contenido\/wp-json\/wp\/v2\/categories?post=16726"},{"taxonomy":"post_tag","embeddable":true,"href":"https:\/\/www.infantedonfelipe.es\/contenido\/wp-json\/wp\/v2\/tags?post=16726"}],"curies":[{"name":"wp","href":"https:\/\/api.w.org\/{rel}","templated":true}]}}