{"id":1874,"date":"2015-05-03T09:00:17","date_gmt":"2015-05-03T09:00:17","guid":{"rendered":"http:\/\/www.infantedonfelipe.es\/contenido\/?p=1874"},"modified":"2015-05-03T09:00:17","modified_gmt":"2015-05-03T09:00:17","slug":"entrega-de-premios-dia-del-libro-sexto-b","status":"publish","type":"post","link":"https:\/\/www.infantedonfelipe.es\/contenido\/2015\/05\/03\/entrega-de-premios-dia-del-libro-sexto-b\/","title":{"rendered":"ENTREGA DE PREMIOS D\u00cdA DEL LIBRO: SEXTO B"},"content":{"rendered":"<p><a href=\"http:\/\/www.infantedonfelipe.es\/contenido\/wp-content\/uploads\/2015\/05\/resized_DSC_0820.jpg\"><img loading=\"lazy\" decoding=\"async\" class=\"alignnone size-full wp-image-1875\" title=\"resized_DSC_0820\" src=\"http:\/\/www.infantedonfelipe.es\/contenido\/wp-content\/uploads\/2015\/05\/resized_DSC_0820.jpg\" alt=\"\" width=\"590\" height=\"392\" srcset=\"https:\/\/www.infantedonfelipe.es\/contenido\/wp-content\/uploads\/2015\/05\/resized_DSC_0820.jpg 590w, https:\/\/www.infantedonfelipe.es\/contenido\/wp-content\/uploads\/2015\/05\/resized_DSC_0820-300x199.jpg 300w\" sizes=\"(max-width: 590px) 100vw, 590px\" \/><\/a><\/p>\n<p>Y para terminar con las galer\u00edas de im\u00e1genes de Ed. Primaria aqu\u00ed os dejamos las correspondientes a SEXTO B:<\/p>\n<p><a href=\"http:\/\/www.infantedonfelipe.es\/contenido\/wp-content\/uploads\/2015\/05\/resized_DSC_0780.jpg\"><img loading=\"lazy\" decoding=\"async\" class=\"alignnone size-full wp-image-1876\" title=\"resized_DSC_0780\" src=\"http:\/\/www.infantedonfelipe.es\/contenido\/wp-content\/uploads\/2015\/05\/resized_DSC_0780.jpg\" alt=\"\" width=\"590\" height=\"392\" srcset=\"https:\/\/www.infantedonfelipe.es\/contenido\/wp-content\/uploads\/2015\/05\/resized_DSC_0780.jpg 590w, https:\/\/www.infantedonfelipe.es\/contenido\/wp-content\/uploads\/2015\/05\/resized_DSC_0780-300x199.jpg 300w\" sizes=\"(max-width: 590px) 100vw, 590px\" \/><\/a><\/p>\n<p><a href=\"http:\/\/www.infantedonfelipe.es\/contenido\/wp-content\/uploads\/2015\/05\/resized_DSC_0802.jpg\"><img loading=\"lazy\" decoding=\"async\" class=\"alignnone size-full wp-image-1877\" title=\"resized_DSC_0802\" src=\"http:\/\/www.infantedonfelipe.es\/contenido\/wp-content\/uploads\/2015\/05\/resized_DSC_0802.jpg\" alt=\"\" width=\"590\" height=\"392\" srcset=\"https:\/\/www.infantedonfelipe.es\/contenido\/wp-content\/uploads\/2015\/05\/resized_DSC_0802.jpg 590w, https:\/\/www.infantedonfelipe.es\/contenido\/wp-content\/uploads\/2015\/05\/resized_DSC_0802-300x199.jpg 300w\" sizes=\"(max-width: 590px) 100vw, 590px\" \/><\/a><\/p>\n<p><a href=\"http:\/\/www.infantedonfelipe.es\/contenido\/wp-content\/uploads\/2015\/05\/resized_DSC_0806.jpg\"><img loading=\"lazy\" decoding=\"async\" class=\"alignnone size-full wp-image-1878\" title=\"resized_DSC_0806\" src=\"http:\/\/www.infantedonfelipe.es\/contenido\/wp-content\/uploads\/2015\/05\/resized_DSC_0806.jpg\" alt=\"\" width=\"590\" height=\"392\" srcset=\"https:\/\/www.infantedonfelipe.es\/contenido\/wp-content\/uploads\/2015\/05\/resized_DSC_0806.jpg 590w, https:\/\/www.infantedonfelipe.es\/contenido\/wp-content\/uploads\/2015\/05\/resized_DSC_0806-300x199.jpg 300w\" sizes=\"(max-width: 590px) 100vw, 590px\" \/><\/a><\/p>\n<p><a href=\"http:\/\/www.infantedonfelipe.es\/contenido\/wp-content\/uploads\/2015\/05\/resized_DSC_0810.jpg\"><img loading=\"lazy\" decoding=\"async\" class=\"alignnone size-full wp-image-1879\" title=\"resized_DSC_0810\" src=\"http:\/\/www.infantedonfelipe.es\/contenido\/wp-content\/uploads\/2015\/05\/resized_DSC_0810.jpg\" alt=\"\" width=\"590\" height=\"392\" srcset=\"https:\/\/www.infantedonfelipe.es\/contenido\/wp-content\/uploads\/2015\/05\/resized_DSC_0810.jpg 590w, https:\/\/www.infantedonfelipe.es\/contenido\/wp-content\/uploads\/2015\/05\/resized_DSC_0810-300x199.jpg 300w\" sizes=\"(max-width: 590px) 100vw, 590px\" \/><\/a><\/p>\n<p><a href=\"http:\/\/www.infantedonfelipe.es\/contenido\/wp-content\/uploads\/2015\/05\/resized_DSC_0812.jpg\"><img loading=\"lazy\" decoding=\"async\" class=\"alignnone size-full wp-image-1880\" title=\"resized_DSC_0812\" src=\"http:\/\/www.infantedonfelipe.es\/contenido\/wp-content\/uploads\/2015\/05\/resized_DSC_0812.jpg\" alt=\"\" width=\"590\" height=\"392\" srcset=\"https:\/\/www.infantedonfelipe.es\/contenido\/wp-content\/uploads\/2015\/05\/resized_DSC_0812.jpg 590w, https:\/\/www.infantedonfelipe.es\/contenido\/wp-content\/uploads\/2015\/05\/resized_DSC_0812-300x199.jpg 300w\" sizes=\"(max-width: 590px) 100vw, 590px\" \/><\/a><\/p>\n<p><a href=\"http:\/\/www.infantedonfelipe.es\/contenido\/wp-content\/uploads\/2015\/05\/resized_DSC_0816.jpg\"><img loading=\"lazy\" decoding=\"async\" class=\"alignnone size-full wp-image-1881\" title=\"resized_DSC_0816\" src=\"http:\/\/www.infantedonfelipe.es\/contenido\/wp-content\/uploads\/2015\/05\/resized_DSC_0816.jpg\" alt=\"\" width=\"590\" height=\"392\" srcset=\"https:\/\/www.infantedonfelipe.es\/contenido\/wp-content\/uploads\/2015\/05\/resized_DSC_0816.jpg 590w, https:\/\/www.infantedonfelipe.es\/contenido\/wp-content\/uploads\/2015\/05\/resized_DSC_0816-300x199.jpg 300w\" sizes=\"(max-width: 590px) 100vw, 590px\" \/><\/a><\/p>\n<p><a href=\"http:\/\/www.infantedonfelipe.es\/contenido\/wp-content\/uploads\/2015\/05\/resized_DSC_0818.jpg\"><img loading=\"lazy\" decoding=\"async\" class=\"alignnone size-full wp-image-1882\" title=\"resized_DSC_0818\" src=\"http:\/\/www.infantedonfelipe.es\/contenido\/wp-content\/uploads\/2015\/05\/resized_DSC_0818.jpg\" alt=\"\" width=\"590\" height=\"392\" srcset=\"https:\/\/www.infantedonfelipe.es\/contenido\/wp-content\/uploads\/2015\/05\/resized_DSC_0818.jpg 590w, https:\/\/www.infantedonfelipe.es\/contenido\/wp-content\/uploads\/2015\/05\/resized_DSC_0818-300x199.jpg 300w\" sizes=\"(max-width: 590px) 100vw, 590px\" \/><\/a><\/p>\n<p><a href=\"http:\/\/www.infantedonfelipe.es\/contenido\/wp-content\/uploads\/2015\/05\/resized_DSC_0821.jpg\"><img loading=\"lazy\" decoding=\"async\" class=\"alignnone size-full wp-image-1883\" title=\"resized_DSC_0821\" src=\"http:\/\/www.infantedonfelipe.es\/contenido\/wp-content\/uploads\/2015\/05\/resized_DSC_0821.jpg\" alt=\"\" width=\"590\" height=\"392\" srcset=\"https:\/\/www.infantedonfelipe.es\/contenido\/wp-content\/uploads\/2015\/05\/resized_DSC_0821.jpg 590w, https:\/\/www.infantedonfelipe.es\/contenido\/wp-content\/uploads\/2015\/05\/resized_DSC_0821-300x199.jpg 300w\" sizes=\"(max-width: 590px) 100vw, 590px\" \/><\/a><\/p>\n<p><a href=\"http:\/\/www.infantedonfelipe.es\/contenido\/wp-content\/uploads\/2015\/05\/resized_DSC_0819.jpg\"><img loading=\"lazy\" decoding=\"async\" class=\"alignnone size-full wp-image-1884\" title=\"resized_DSC_0819\" src=\"http:\/\/www.infantedonfelipe.es\/contenido\/wp-content\/uploads\/2015\/05\/resized_DSC_0819.jpg\" alt=\"\" width=\"590\" height=\"392\" srcset=\"https:\/\/www.infantedonfelipe.es\/contenido\/wp-content\/uploads\/2015\/05\/resized_DSC_0819.jpg 590w, https:\/\/www.infantedonfelipe.es\/contenido\/wp-content\/uploads\/2015\/05\/resized_DSC_0819-300x199.jpg 300w\" sizes=\"(max-width: 590px) 100vw, 590px\" \/><\/a><\/p>\n<p>&nbsp;<\/p>\n<p>Seguirnos en\u00a0<a href=\"https:\/\/www.facebook.com\/groups\/463362390456015\/\">https:\/\/www.facebook.com\/groups\/463362390456015\/<\/a><\/p>\n<p>Y puedes dejar tus comentarios y tus fotos para completar la informaci\u00f3n.<\/p>\n","protected":false},"excerpt":{"rendered":"<p>Y para terminar con las galer\u00edas de im\u00e1genes de Ed. Primaria aqu\u00ed os dejamos las correspondientes a SEXTO B: &nbsp; Seguirnos en\u00a0https:\/\/www.facebook.com\/groups\/463362390456015\/ Y puedes dejar tus comentarios y tus fotos para completar la informaci\u00f3n.<\/p>\n","protected":false},"author":3,"featured_media":0,"comment_status":"closed","ping_status":"open","sticky":false,"template":"","format":"standard","meta":{"footnotes":""},"categories":[1],"tags":[],"_links":{"self":[{"href":"https:\/\/www.infantedonfelipe.es\/contenido\/wp-json\/wp\/v2\/posts\/1874"}],"collection":[{"href":"https:\/\/www.infantedonfelipe.es\/contenido\/wp-json\/wp\/v2\/posts"}],"about":[{"href":"https:\/\/www.infantedonfelipe.es\/contenido\/wp-json\/wp\/v2\/types\/post"}],"author":[{"embeddable":true,"href":"https:\/\/www.infantedonfelipe.es\/contenido\/wp-json\/wp\/v2\/users\/3"}],"replies":[{"embeddable":true,"href":"https:\/\/www.infantedonfelipe.es\/contenido\/wp-json\/wp\/v2\/comments?post=1874"}],"version-history":[{"count":2,"href":"https:\/\/www.infantedonfelipe.es\/contenido\/wp-json\/wp\/v2\/posts\/1874\/revisions"}],"predecessor-version":[{"id":1886,"href":"https:\/\/www.infantedonfelipe.es\/contenido\/wp-json\/wp\/v2\/posts\/1874\/revisions\/1886"}],"wp:attachment":[{"href":"https:\/\/www.infantedonfelipe.es\/contenido\/wp-json\/wp\/v2\/media?parent=1874"}],"wp:term":[{"taxonomy":"category","embeddable":true,"href":"https:\/\/www.infantedonfelipe.es\/contenido\/wp-json\/wp\/v2\/categories?post=1874"},{"taxonomy":"post_tag","embeddable":true,"href":"https:\/\/www.infantedonfelipe.es\/contenido\/wp-json\/wp\/v2\/tags?post=1874"}],"curies":[{"name":"wp","href":"https:\/\/api.w.org\/{rel}","templated":true}]}}