{"id":1969,"date":"2015-05-07T19:20:01","date_gmt":"2015-05-07T19:20:01","guid":{"rendered":"http:\/\/www.infantedonfelipe.es\/contenido\/?p=1969"},"modified":"2015-05-07T19:20:01","modified_gmt":"2015-05-07T19:20:01","slug":"los-alumnos-del-infante-colaboran-con-el-desayuno-solidario-de-manos-unidas","status":"publish","type":"post","link":"https:\/\/www.infantedonfelipe.es\/contenido\/2015\/05\/07\/los-alumnos-del-infante-colaboran-con-el-desayuno-solidario-de-manos-unidas\/","title":{"rendered":"LOS ALUMNOS DEL INFANTE COLABORAN CON EL DESAYUNO SOLIDARIO DE MANOS UNIDAS"},"content":{"rendered":"<p><a href=\"http:\/\/www.infantedonfelipe.es\/contenido\/wp-content\/uploads\/2015\/05\/resized_IMG-20150507-WA0012.jpg\"><img loading=\"lazy\" decoding=\"async\" class=\"alignnone size-full wp-image-2030\" title=\"resized_IMG-20150507-WA0012\" src=\"http:\/\/www.infantedonfelipe.es\/contenido\/wp-content\/uploads\/2015\/05\/resized_IMG-20150507-WA0012.jpg\" alt=\"\" width=\"329\" height=\"450\" srcset=\"https:\/\/www.infantedonfelipe.es\/contenido\/wp-content\/uploads\/2015\/05\/resized_IMG-20150507-WA0012.jpg 329w, https:\/\/www.infantedonfelipe.es\/contenido\/wp-content\/uploads\/2015\/05\/resized_IMG-20150507-WA0012-219x300.jpg 219w\" sizes=\"(max-width: 329px) 100vw, 329px\" \/><\/a><\/p>\n<p>&nbsp;<\/p>\n<p>Desde hace unos d\u00edas muchos de nuestros alumnos han querido colaborar con el \u00abDesayuno Solidario\u00bb que Manos Unidas ha organizado en los colegios de Daimiel. Con una peque\u00f1a aportaci\u00f3n, por la que recibir\u00e1n un sandwich y una bebida, nuestors chicos de Infante ayudan en este campa\u00f1a solidaria que busca recoger fondos para que la infancia m\u00e1s necesitada pueda acceder a unas mejores condiciones de vida.<\/p>\n<p>Son muchos los que se han apuntado a esta iniciativa que se realizar\u00e1 ma\u00f1ana, viernes, 8 de mayo, durante el recreo, y del que pondremos im\u00e1genes pr\u00f3ximamente.<\/p>\n<p>Para el colegio es la oportunidad de colaborar, una vez m\u00e1s, en campa\u00f1as de solidaridad con quienes m\u00e1s lo necesitan y poder hacer copart\u00edcipes de ello a nuestros alumnos para que entiendan y valoren lo importante que puede ser su peque\u00f1a colaboraci\u00f3n por un buen objetivo humanitario y solidario.<\/p>\n<p>&nbsp;<\/p>\n<p>Seguirnos en\u00a0<a href=\"https:\/\/www.facebook.com\/groups\/463362390456015\/\">https:\/\/www.facebook.com\/groups\/463362390456015\/<\/a><\/p>\n<p>Y puedes dejar tus comentarios y tus fotos para completar la informaci\u00f3n.<\/p>\n","protected":false},"excerpt":{"rendered":"<p>&nbsp; Desde hace unos d\u00edas muchos de nuestros alumnos han querido colaborar con el \u00abDesayuno Solidario\u00bb que Manos Unidas ha organizado en los colegios de Daimiel. Con una peque\u00f1a aportaci\u00f3n, por la que recibir\u00e1n un sandwich y una bebida, nuestors chicos de Infante ayudan en este campa\u00f1a solidaria que busca recoger fondos para que la [&hellip;]<\/p>\n","protected":false},"author":3,"featured_media":0,"comment_status":"closed","ping_status":"open","sticky":false,"template":"","format":"standard","meta":{"footnotes":""},"categories":[1],"tags":[],"_links":{"self":[{"href":"https:\/\/www.infantedonfelipe.es\/contenido\/wp-json\/wp\/v2\/posts\/1969"}],"collection":[{"href":"https:\/\/www.infantedonfelipe.es\/contenido\/wp-json\/wp\/v2\/posts"}],"about":[{"href":"https:\/\/www.infantedonfelipe.es\/contenido\/wp-json\/wp\/v2\/types\/post"}],"author":[{"embeddable":true,"href":"https:\/\/www.infantedonfelipe.es\/contenido\/wp-json\/wp\/v2\/users\/3"}],"replies":[{"embeddable":true,"href":"https:\/\/www.infantedonfelipe.es\/contenido\/wp-json\/wp\/v2\/comments?post=1969"}],"version-history":[{"count":3,"href":"https:\/\/www.infantedonfelipe.es\/contenido\/wp-json\/wp\/v2\/posts\/1969\/revisions"}],"predecessor-version":[{"id":2032,"href":"https:\/\/www.infantedonfelipe.es\/contenido\/wp-json\/wp\/v2\/posts\/1969\/revisions\/2032"}],"wp:attachment":[{"href":"https:\/\/www.infantedonfelipe.es\/contenido\/wp-json\/wp\/v2\/media?parent=1969"}],"wp:term":[{"taxonomy":"category","embeddable":true,"href":"https:\/\/www.infantedonfelipe.es\/contenido\/wp-json\/wp\/v2\/categories?post=1969"},{"taxonomy":"post_tag","embeddable":true,"href":"https:\/\/www.infantedonfelipe.es\/contenido\/wp-json\/wp\/v2\/tags?post=1969"}],"curies":[{"name":"wp","href":"https:\/\/api.w.org\/{rel}","templated":true}]}}