{"id":221,"date":"2014-02-25T16:02:25","date_gmt":"2014-02-25T16:02:25","guid":{"rendered":"http:\/\/www.infantedonfelipe.es\/contenido\/?p=221"},"modified":"2014-02-25T16:02:25","modified_gmt":"2014-02-25T16:02:25","slug":"teatro-infantil-dejate-llevar","status":"publish","type":"post","link":"https:\/\/www.infantedonfelipe.es\/contenido\/2014\/02\/25\/teatro-infantil-dejate-llevar\/","title":{"rendered":"Teatro Infantil \u00abD\u00e9jate llevar\u00bb"},"content":{"rendered":"<p>Los alumnos de Educaci\u00f3n Infantil de 5 a\u00f1os asistieron el pasado 6 de noviembre, a la Biblioteca Municipal, para disfrutar de la representaci\u00f3n de la obra de Teatro Infantil \u00abD\u00e9jate llevar\u00bb, en una actividad organizada por el Ayuntamiento a trav\u00e9s de su Concejal\u00eda de Cultura. Todos los ni\u00f1os quedaron ensimismados por el ambiente m\u00e1gico que crearon los actores.<\/p>\n<div id='gallery-1' class='gallery galleryid-221 gallery-columns-2 gallery-size-thumbnail'><figure class='gallery-item'>\n\t\t\t<div class='gallery-icon landscape'>\n\t\t\t\t<a href='https:\/\/www.infantedonfelipe.es\/contenido\/2014\/02\/25\/teatro-infantil-dejate-llevar\/hpim6513-large\/'><img loading=\"lazy\" decoding=\"async\" width=\"150\" height=\"150\" src=\"https:\/\/www.infantedonfelipe.es\/contenido\/wp-content\/uploads\/2014\/02\/HPIM6513-Large-150x150.jpg\" class=\"attachment-thumbnail size-thumbnail\" alt=\"\" \/><\/a>\n\t\t\t<\/div><\/figure><figure class='gallery-item'>\n\t\t\t<div class='gallery-icon landscape'>\n\t\t\t\t<a href='https:\/\/www.infantedonfelipe.es\/contenido\/2014\/02\/25\/teatro-infantil-dejate-llevar\/hpim6546-large\/'><img loading=\"lazy\" decoding=\"async\" width=\"150\" height=\"150\" src=\"https:\/\/www.infantedonfelipe.es\/contenido\/wp-content\/uploads\/2014\/02\/HPIM6546-Large-150x150.jpg\" class=\"attachment-thumbnail size-thumbnail\" alt=\"\" \/><\/a>\n\t\t\t<\/div><\/figure>\n\t\t<\/div>\n\n<p>&nbsp;<\/p>\n","protected":false},"excerpt":{"rendered":"<p>Los alumnos de Educaci\u00f3n Infantil de 5 a\u00f1os asistieron el pasado 6 de noviembre, a la Biblioteca Municipal, para disfrutar de la representaci\u00f3n de la obra de Teatro Infantil \u00abD\u00e9jate llevar\u00bb, en una actividad organizada por el Ayuntamiento a trav\u00e9s de su Concejal\u00eda de Cultura. Todos los ni\u00f1os quedaron ensimismados por el ambiente m\u00e1gico que [&hellip;]<\/p>\n","protected":false},"author":1,"featured_media":0,"comment_status":"closed","ping_status":"open","sticky":false,"template":"","format":"standard","meta":{"footnotes":""},"categories":[1],"tags":[],"_links":{"self":[{"href":"https:\/\/www.infantedonfelipe.es\/contenido\/wp-json\/wp\/v2\/posts\/221"}],"collection":[{"href":"https:\/\/www.infantedonfelipe.es\/contenido\/wp-json\/wp\/v2\/posts"}],"about":[{"href":"https:\/\/www.infantedonfelipe.es\/contenido\/wp-json\/wp\/v2\/types\/post"}],"author":[{"embeddable":true,"href":"https:\/\/www.infantedonfelipe.es\/contenido\/wp-json\/wp\/v2\/users\/1"}],"replies":[{"embeddable":true,"href":"https:\/\/www.infantedonfelipe.es\/contenido\/wp-json\/wp\/v2\/comments?post=221"}],"version-history":[{"count":5,"href":"https:\/\/www.infantedonfelipe.es\/contenido\/wp-json\/wp\/v2\/posts\/221\/revisions"}],"predecessor-version":[{"id":228,"href":"https:\/\/www.infantedonfelipe.es\/contenido\/wp-json\/wp\/v2\/posts\/221\/revisions\/228"}],"wp:attachment":[{"href":"https:\/\/www.infantedonfelipe.es\/contenido\/wp-json\/wp\/v2\/media?parent=221"}],"wp:term":[{"taxonomy":"category","embeddable":true,"href":"https:\/\/www.infantedonfelipe.es\/contenido\/wp-json\/wp\/v2\/categories?post=221"},{"taxonomy":"post_tag","embeddable":true,"href":"https:\/\/www.infantedonfelipe.es\/contenido\/wp-json\/wp\/v2\/tags?post=221"}],"curies":[{"name":"wp","href":"https:\/\/api.w.org\/{rel}","templated":true}]}}