{"id":235,"date":"2014-02-25T16:26:24","date_gmt":"2014-02-25T16:26:24","guid":{"rendered":"http:\/\/www.infantedonfelipe.es\/contenido\/?p=235"},"modified":"2014-02-25T16:28:15","modified_gmt":"2014-02-25T16:28:15","slug":"cuenta-cuentos-para-los-alumnos-de-sexto-de-educacion-primaria","status":"publish","type":"post","link":"https:\/\/www.infantedonfelipe.es\/contenido\/2014\/02\/25\/cuenta-cuentos-para-los-alumnos-de-sexto-de-educacion-primaria\/","title":{"rendered":"Cuenta-Cuentos para Sexto de Educaci\u00f3n Primaria"},"content":{"rendered":"<p>El d\u00eda 21 de noviembre los alumnos y alumnas de Sexto Curso de Educaci\u00f3n Primaria asistieron a la Casa de Cultura para disfrutar de un divertido cuento representado por un experto y gracioso Cuenta-Cuentos.<\/p>\n<p>Otra de las actividades organizadas por la Concejal\u00eda de Cultura en la Programaci\u00f3n de Oto\u00f1o de la Biblioteca Municipal.<div id='gallery-1' class='gallery galleryid-235 gallery-columns-3 gallery-size-thumbnail'><figure class='gallery-item'>\n\t\t\t<div class='gallery-icon landscape'>\n\t\t\t\t<a href='https:\/\/www.infantedonfelipe.es\/contenido\/wp-content\/uploads\/2014\/02\/DSC02193-Large.jpg'><img loading=\"lazy\" decoding=\"async\" width=\"150\" height=\"150\" src=\"https:\/\/www.infantedonfelipe.es\/contenido\/wp-content\/uploads\/2014\/02\/DSC02193-Large-150x150.jpg\" class=\"attachment-thumbnail size-thumbnail\" alt=\"\" \/><\/a>\n\t\t\t<\/div><\/figure><figure class='gallery-item'>\n\t\t\t<div class='gallery-icon landscape'>\n\t\t\t\t<a href='https:\/\/www.infantedonfelipe.es\/contenido\/wp-content\/uploads\/2014\/02\/DSC02183-Large.jpg'><img loading=\"lazy\" decoding=\"async\" width=\"150\" height=\"150\" src=\"https:\/\/www.infantedonfelipe.es\/contenido\/wp-content\/uploads\/2014\/02\/DSC02183-Large-150x150.jpg\" class=\"attachment-thumbnail size-thumbnail\" alt=\"\" \/><\/a>\n\t\t\t<\/div><\/figure><figure class='gallery-item'>\n\t\t\t<div class='gallery-icon landscape'>\n\t\t\t\t<a href='https:\/\/www.infantedonfelipe.es\/contenido\/wp-content\/uploads\/2014\/02\/DSC02201-Large.jpg'><img loading=\"lazy\" decoding=\"async\" width=\"150\" height=\"150\" src=\"https:\/\/www.infantedonfelipe.es\/contenido\/wp-content\/uploads\/2014\/02\/DSC02201-Large-150x150.jpg\" class=\"attachment-thumbnail size-thumbnail\" alt=\"\" \/><\/a>\n\t\t\t<\/div><\/figure>\n\t\t<\/div>\n<\/p>\n","protected":false},"excerpt":{"rendered":"<p>El d\u00eda 21 de noviembre los alumnos y alumnas de Sexto Curso de Educaci\u00f3n Primaria asistieron a la Casa de Cultura para disfrutar de un divertido cuento representado por un experto y gracioso Cuenta-Cuentos. Otra de las actividades organizadas por la Concejal\u00eda de Cultura en la Programaci\u00f3n de Oto\u00f1o de la Biblioteca Municipal.<\/p>\n","protected":false},"author":1,"featured_media":0,"comment_status":"closed","ping_status":"open","sticky":false,"template":"","format":"standard","meta":{"footnotes":""},"categories":[1],"tags":[],"_links":{"self":[{"href":"https:\/\/www.infantedonfelipe.es\/contenido\/wp-json\/wp\/v2\/posts\/235"}],"collection":[{"href":"https:\/\/www.infantedonfelipe.es\/contenido\/wp-json\/wp\/v2\/posts"}],"about":[{"href":"https:\/\/www.infantedonfelipe.es\/contenido\/wp-json\/wp\/v2\/types\/post"}],"author":[{"embeddable":true,"href":"https:\/\/www.infantedonfelipe.es\/contenido\/wp-json\/wp\/v2\/users\/1"}],"replies":[{"embeddable":true,"href":"https:\/\/www.infantedonfelipe.es\/contenido\/wp-json\/wp\/v2\/comments?post=235"}],"version-history":[{"count":4,"href":"https:\/\/www.infantedonfelipe.es\/contenido\/wp-json\/wp\/v2\/posts\/235\/revisions"}],"predecessor-version":[{"id":241,"href":"https:\/\/www.infantedonfelipe.es\/contenido\/wp-json\/wp\/v2\/posts\/235\/revisions\/241"}],"wp:attachment":[{"href":"https:\/\/www.infantedonfelipe.es\/contenido\/wp-json\/wp\/v2\/media?parent=235"}],"wp:term":[{"taxonomy":"category","embeddable":true,"href":"https:\/\/www.infantedonfelipe.es\/contenido\/wp-json\/wp\/v2\/categories?post=235"},{"taxonomy":"post_tag","embeddable":true,"href":"https:\/\/www.infantedonfelipe.es\/contenido\/wp-json\/wp\/v2\/tags?post=235"}],"curies":[{"name":"wp","href":"https:\/\/api.w.org\/{rel}","templated":true}]}}