{"id":2423,"date":"2015-05-26T16:14:08","date_gmt":"2015-05-26T16:14:08","guid":{"rendered":"http:\/\/www.infantedonfelipe.es\/contenido\/?p=2423"},"modified":"2015-05-26T16:23:31","modified_gmt":"2015-05-26T16:23:31","slug":"cambio-de-fecha-del-certamen-de-dibujo-al-aire-libre-juan-dopazo","status":"publish","type":"post","link":"https:\/\/www.infantedonfelipe.es\/contenido\/2015\/05\/26\/cambio-de-fecha-del-certamen-de-dibujo-al-aire-libre-juan-dopazo\/","title":{"rendered":"CAMBIO DE FECHA DEL CERTAMEN DE DIBUJO AL AIRE LIBRE \u00abJUAN DOPAZO\u00bb"},"content":{"rendered":"<p>Queremos informar a todas las familias, y se har\u00e1 tambi\u00e9n mediante una nota informativa, de que el Certamen de Dibujo al Aire Libre \u00abJuan Dopazo\u00bb ha cambiado de fecha su celebraci\u00f3n. Estaba prevista para el pr\u00f3ximo viernes, 29 de mayo, pero instrucciones de la Consejer\u00eda para que en este d\u00eda se celebre la Evaluaci\u00f3n Externa para los alumnos de 3\u00ba de Ed. Primaria en toda la Castilla-La Mancha ha determinado que se establezca una nueva fecha para su celebraci\u00f3n y que es la siguiente:<\/p>\n<p><strong>5 de Junio, que adem\u00e1s es el D\u00eda Mundial del Medio Ambiente<\/strong><\/p>\n<p><img decoding=\"async\" src=\"http:\/\/www.bucaramanga.gov.co\/Prensa\/image.axd?picture=%2F2014%2F06%2Farbol-AMB2.jpg\" alt=\"\" \/><\/p>\n<p>Algunos de nuestros alumnos, los peque\u00f1os de 1\u00ba de Ed. Primaria, ya han comenzado a practicar para pintar del natural y expresar lo que hay ante sus grandes ojos:<\/p>\n<p><a href=\"http:\/\/www.infantedonfelipe.es\/contenido\/wp-content\/uploads\/2015\/05\/resized_IMG-20150526-WA0000.jpg\"><img loading=\"lazy\" decoding=\"async\" class=\"alignnone size-full wp-image-2430\" title=\"resized_IMG-20150526-WA0000\" src=\"http:\/\/www.infantedonfelipe.es\/contenido\/wp-content\/uploads\/2015\/05\/resized_IMG-20150526-WA0000.jpg\" alt=\"\" width=\"596\" height=\"335\" srcset=\"https:\/\/www.infantedonfelipe.es\/contenido\/wp-content\/uploads\/2015\/05\/resized_IMG-20150526-WA0000.jpg 596w, https:\/\/www.infantedonfelipe.es\/contenido\/wp-content\/uploads\/2015\/05\/resized_IMG-20150526-WA0000-300x168.jpg 300w\" sizes=\"(max-width: 596px) 100vw, 596px\" \/><\/a><\/p>\n<p><a href=\"http:\/\/www.infantedonfelipe.es\/contenido\/wp-content\/uploads\/2015\/05\/resized_IMG-20150526-WA0001.jpg\"><img loading=\"lazy\" decoding=\"async\" class=\"alignnone size-full wp-image-2431\" title=\"resized_IMG-20150526-WA0001\" src=\"http:\/\/www.infantedonfelipe.es\/contenido\/wp-content\/uploads\/2015\/05\/resized_IMG-20150526-WA0001.jpg\" alt=\"\" width=\"596\" height=\"335\" srcset=\"https:\/\/www.infantedonfelipe.es\/contenido\/wp-content\/uploads\/2015\/05\/resized_IMG-20150526-WA0001.jpg 596w, https:\/\/www.infantedonfelipe.es\/contenido\/wp-content\/uploads\/2015\/05\/resized_IMG-20150526-WA0001-300x168.jpg 300w\" sizes=\"(max-width: 596px) 100vw, 596px\" \/><\/a><\/p>\n<p>&nbsp;<\/p>\n<p>S\u00edguenos en\u00a0<a href=\"https:\/\/www.facebook.com\/groups\/463362390456015\/\">https:\/\/www.facebook.com\/groups\/463362390456015\/<\/a><\/p>\n<p>Y puedes dejar tus comentarios y tus fotos para completar la informaci\u00f3n.<\/p>\n","protected":false},"excerpt":{"rendered":"<p>Queremos informar a todas las familias, y se har\u00e1 tambi\u00e9n mediante una nota informativa, de que el Certamen de Dibujo al Aire Libre \u00abJuan Dopazo\u00bb ha cambiado de fecha su celebraci\u00f3n. Estaba prevista para el pr\u00f3ximo viernes, 29 de mayo, pero instrucciones de la Consejer\u00eda para que en este d\u00eda se celebre la Evaluaci\u00f3n Externa [&hellip;]<\/p>\n","protected":false},"author":3,"featured_media":0,"comment_status":"closed","ping_status":"open","sticky":false,"template":"","format":"standard","meta":{"footnotes":""},"categories":[1],"tags":[],"_links":{"self":[{"href":"https:\/\/www.infantedonfelipe.es\/contenido\/wp-json\/wp\/v2\/posts\/2423"}],"collection":[{"href":"https:\/\/www.infantedonfelipe.es\/contenido\/wp-json\/wp\/v2\/posts"}],"about":[{"href":"https:\/\/www.infantedonfelipe.es\/contenido\/wp-json\/wp\/v2\/types\/post"}],"author":[{"embeddable":true,"href":"https:\/\/www.infantedonfelipe.es\/contenido\/wp-json\/wp\/v2\/users\/3"}],"replies":[{"embeddable":true,"href":"https:\/\/www.infantedonfelipe.es\/contenido\/wp-json\/wp\/v2\/comments?post=2423"}],"version-history":[{"count":5,"href":"https:\/\/www.infantedonfelipe.es\/contenido\/wp-json\/wp\/v2\/posts\/2423\/revisions"}],"predecessor-version":[{"id":2429,"href":"https:\/\/www.infantedonfelipe.es\/contenido\/wp-json\/wp\/v2\/posts\/2423\/revisions\/2429"}],"wp:attachment":[{"href":"https:\/\/www.infantedonfelipe.es\/contenido\/wp-json\/wp\/v2\/media?parent=2423"}],"wp:term":[{"taxonomy":"category","embeddable":true,"href":"https:\/\/www.infantedonfelipe.es\/contenido\/wp-json\/wp\/v2\/categories?post=2423"},{"taxonomy":"post_tag","embeddable":true,"href":"https:\/\/www.infantedonfelipe.es\/contenido\/wp-json\/wp\/v2\/tags?post=2423"}],"curies":[{"name":"wp","href":"https:\/\/api.w.org\/{rel}","templated":true}]}}