{"id":243,"date":"2014-02-25T16:44:58","date_gmt":"2014-02-25T16:44:58","guid":{"rendered":"http:\/\/www.infantedonfelipe.es\/contenido\/?p=243"},"modified":"2014-02-25T16:45:37","modified_gmt":"2014-02-25T16:45:37","slug":"cuento-retales-de-vela-luz-para-tercero-de-primaria","status":"publish","type":"post","link":"https:\/\/www.infantedonfelipe.es\/contenido\/2014\/02\/25\/cuento-retales-de-vela-luz-para-tercero-de-primaria\/","title":{"rendered":"Cuento \u00abRetales de Vela Luz\u00bb para Tercero de Primaria"},"content":{"rendered":"<p>El d\u00eda 27 de noviembre, los alumnos y alumnas de Tercer Curso de Educaci\u00f3n Primaria asistieron a la Casa de Cultura, para disfrutar de las maravillas de una extraordinaria cuenta-cuentos. Carmen Carretero les cont\u00f3 el cuento \u00abRetales de Vela Luz\u00bb y disfrutaron como ni\u00f1os y ni\u00f1as que son. Carmen hizo que volaran sus imaginaciones en una actividad que les gust\u00f3 mucho.<\/p>\n<p>Este Cuenta-Cuentos fue organizado por la Concejal\u00eda de Cultura a trav\u00e9s de la Programaci\u00f3n de las Actividades de Oto\u00f1o que impulsa la Biblioteca Municipal.<div id='gallery-1' class='gallery galleryid-243 gallery-columns-3 gallery-size-thumbnail'><figure class='gallery-item'>\n\t\t\t<div class='gallery-icon landscape'>\n\t\t\t\t<a href='https:\/\/www.infantedonfelipe.es\/contenido\/wp-content\/uploads\/2014\/02\/DSC02205-Large.jpg'><img loading=\"lazy\" decoding=\"async\" width=\"150\" height=\"150\" src=\"https:\/\/www.infantedonfelipe.es\/contenido\/wp-content\/uploads\/2014\/02\/DSC02205-Large-150x150.jpg\" class=\"attachment-thumbnail size-thumbnail\" alt=\"\" \/><\/a>\n\t\t\t<\/div><\/figure><figure class='gallery-item'>\n\t\t\t<div class='gallery-icon landscape'>\n\t\t\t\t<a href='https:\/\/www.infantedonfelipe.es\/contenido\/wp-content\/uploads\/2014\/02\/DSC02207-Large.jpg'><img loading=\"lazy\" decoding=\"async\" width=\"150\" height=\"150\" src=\"https:\/\/www.infantedonfelipe.es\/contenido\/wp-content\/uploads\/2014\/02\/DSC02207-Large-150x150.jpg\" class=\"attachment-thumbnail size-thumbnail\" alt=\"\" \/><\/a>\n\t\t\t<\/div><\/figure><figure class='gallery-item'>\n\t\t\t<div class='gallery-icon landscape'>\n\t\t\t\t<a href='https:\/\/www.infantedonfelipe.es\/contenido\/wp-content\/uploads\/2014\/02\/DSC02208-Large.jpg'><img loading=\"lazy\" decoding=\"async\" width=\"150\" height=\"150\" src=\"https:\/\/www.infantedonfelipe.es\/contenido\/wp-content\/uploads\/2014\/02\/DSC02208-Large-150x150.jpg\" class=\"attachment-thumbnail size-thumbnail\" alt=\"\" \/><\/a>\n\t\t\t<\/div><\/figure>\n\t\t<\/div>\n<\/p>\n","protected":false},"excerpt":{"rendered":"<p>El d\u00eda 27 de noviembre, los alumnos y alumnas de Tercer Curso de Educaci\u00f3n Primaria asistieron a la Casa de Cultura, para disfrutar de las maravillas de una extraordinaria cuenta-cuentos. Carmen Carretero les cont\u00f3 el cuento \u00abRetales de Vela Luz\u00bb y disfrutaron como ni\u00f1os y ni\u00f1as que son. Carmen hizo que volaran sus imaginaciones en [&hellip;]<\/p>\n","protected":false},"author":1,"featured_media":0,"comment_status":"closed","ping_status":"open","sticky":false,"template":"","format":"standard","meta":{"footnotes":""},"categories":[1],"tags":[],"_links":{"self":[{"href":"https:\/\/www.infantedonfelipe.es\/contenido\/wp-json\/wp\/v2\/posts\/243"}],"collection":[{"href":"https:\/\/www.infantedonfelipe.es\/contenido\/wp-json\/wp\/v2\/posts"}],"about":[{"href":"https:\/\/www.infantedonfelipe.es\/contenido\/wp-json\/wp\/v2\/types\/post"}],"author":[{"embeddable":true,"href":"https:\/\/www.infantedonfelipe.es\/contenido\/wp-json\/wp\/v2\/users\/1"}],"replies":[{"embeddable":true,"href":"https:\/\/www.infantedonfelipe.es\/contenido\/wp-json\/wp\/v2\/comments?post=243"}],"version-history":[{"count":3,"href":"https:\/\/www.infantedonfelipe.es\/contenido\/wp-json\/wp\/v2\/posts\/243\/revisions"}],"predecessor-version":[{"id":249,"href":"https:\/\/www.infantedonfelipe.es\/contenido\/wp-json\/wp\/v2\/posts\/243\/revisions\/249"}],"wp:attachment":[{"href":"https:\/\/www.infantedonfelipe.es\/contenido\/wp-json\/wp\/v2\/media?parent=243"}],"wp:term":[{"taxonomy":"category","embeddable":true,"href":"https:\/\/www.infantedonfelipe.es\/contenido\/wp-json\/wp\/v2\/categories?post=243"},{"taxonomy":"post_tag","embeddable":true,"href":"https:\/\/www.infantedonfelipe.es\/contenido\/wp-json\/wp\/v2\/tags?post=243"}],"curies":[{"name":"wp","href":"https:\/\/api.w.org\/{rel}","templated":true}]}}