{"id":250,"date":"2014-02-25T17:26:23","date_gmt":"2014-02-25T17:26:23","guid":{"rendered":"http:\/\/www.infantedonfelipe.es\/contenido\/?p=250"},"modified":"2014-02-25T17:34:09","modified_gmt":"2014-02-25T17:34:09","slug":"festival-de-navidad","status":"publish","type":"post","link":"https:\/\/www.infantedonfelipe.es\/contenido\/2014\/02\/25\/festival-de-navidad\/","title":{"rendered":"Festival de Navidad"},"content":{"rendered":"<p>Como viene siendo tradicional en el Colegio \u00abInfante Don Felipe\u00bb, unos d\u00edas antes de las vacaciones de Navidad, los alumnos y alumnas de Educaci\u00f3n Infantil y Primaria representaron el Festival de Navidad. Los ensayos, las visitas al Instituto, los nervios antes de la interpretaci\u00f3n&#8230; Muchos sentimientos se precipitan en unos d\u00edas hasta que por fin todos pueden disfrutar de el espacial acontecimiento.<\/p>\n<p>Muchas gracias a los miembros de la Asociaci\u00f3n de Padres que colaboran en todas las necesidades del acto: en la construcci\u00f3n de los decorados, en el atrezo, en la organizaci\u00f3n de la entrada de todos, en la limpieza de la sala&#8230;<\/p>\n<div id='gallery-1' class='gallery galleryid-250 gallery-columns-3 gallery-size-thumbnail'><figure class='gallery-item'>\n\t\t\t<div class='gallery-icon landscape'>\n\t\t\t\t<a href='https:\/\/www.infantedonfelipe.es\/contenido\/wp-content\/uploads\/2014\/02\/DSC02325-Large.jpg'><img loading=\"lazy\" decoding=\"async\" width=\"150\" height=\"150\" src=\"https:\/\/www.infantedonfelipe.es\/contenido\/wp-content\/uploads\/2014\/02\/DSC02325-Large-150x150.jpg\" class=\"attachment-thumbnail size-thumbnail\" alt=\"\" \/><\/a>\n\t\t\t<\/div><\/figure><figure class='gallery-item'>\n\t\t\t<div class='gallery-icon landscape'>\n\t\t\t\t<a href='https:\/\/www.infantedonfelipe.es\/contenido\/wp-content\/uploads\/2014\/02\/DSC02297-Large.jpg'><img loading=\"lazy\" decoding=\"async\" width=\"150\" height=\"150\" src=\"https:\/\/www.infantedonfelipe.es\/contenido\/wp-content\/uploads\/2014\/02\/DSC02297-Large-150x150.jpg\" class=\"attachment-thumbnail size-thumbnail\" alt=\"\" \/><\/a>\n\t\t\t<\/div><\/figure><figure class='gallery-item'>\n\t\t\t<div class='gallery-icon landscape'>\n\t\t\t\t<a href='https:\/\/www.infantedonfelipe.es\/contenido\/wp-content\/uploads\/2014\/02\/DSC02284-Large.jpg'><img loading=\"lazy\" decoding=\"async\" width=\"150\" height=\"150\" src=\"https:\/\/www.infantedonfelipe.es\/contenido\/wp-content\/uploads\/2014\/02\/DSC02284-Large-150x150.jpg\" class=\"attachment-thumbnail size-thumbnail\" alt=\"\" \/><\/a>\n\t\t\t<\/div><\/figure>\n\t\t<\/div>\n\n<p><strong>Programa de Actuaciones:<\/strong><\/p>\n<p>&#8211;\u00a0\u00a0\u00a0\u00a0\u00a0\u00a0\u00a0\u00a0\u00a0\u00a0 Infantil 3 a\u00f1os \u2013 Villancico: \u00a0\u201cMu\u00f1eco de nieve\u201d<br \/>\n&#8211;\u00a0\u00a0\u00a0\u00a0\u00a0\u00a0\u00a0\u00a0\u00a0\u00a0 Infantil 4 a\u00f1os \u2013 Villancico: \u00a0\u201cTodo le pica al ni\u00f1o Jes\u00fas\u201d<br \/>\n&#8211;\u00a0\u00a0\u00a0\u00a0\u00a0\u00a0\u00a0\u00a0\u00a0\u00a0 Infantil 5 a\u00f1os \u2013 Villancico: \u00a0\u201cMar\u00eda\u201d<br \/>\n&#8211;\u00a0\u00a0\u00a0\u00a0\u00a0\u00a0\u00a0\u00a0\u00a0\u00a0 2\u00ba Ed. Primaria<br \/>\nRepresentaci\u00f3n teatral: \u00a0\u201cDibujando el Bel\u00e9n\u201d<br \/>\nVillancico: \u00a0\u201cSanta Claus is coming to town\u201d<br \/>\n&#8211;\u00a0\u00a0\u00a0\u00a0\u00a0\u00a0\u00a0\u00a0\u00a0\u00a0 4\u00ba Ed. Primaria \u2013 Canciones del Mundo<br \/>\n\u201cAkai Hana\u201d (Jap\u00f3n)<br \/>\n\u201dBanaha\u201d (\u00c1frica)<br \/>\n&#8211; \u00a0 \u00a0 \u00a0 \u00a0 \u00a06\u00ba Ed. Primaria \u2013 Interpretaci\u00f3n musical: \u00a0\u201cCuento de Navidad\u201d \u2013 Charles Dicken.<\/p>\n","protected":false},"excerpt":{"rendered":"<p>Como viene siendo tradicional en el Colegio \u00abInfante Don Felipe\u00bb, unos d\u00edas antes de las vacaciones de Navidad, los alumnos y alumnas de Educaci\u00f3n Infantil y Primaria representaron el Festival de Navidad. Los ensayos, las visitas al Instituto, los nervios antes de la interpretaci\u00f3n&#8230; Muchos sentimientos se precipitan en unos d\u00edas hasta que por fin [&hellip;]<\/p>\n","protected":false},"author":1,"featured_media":0,"comment_status":"closed","ping_status":"open","sticky":false,"template":"","format":"standard","meta":{"footnotes":""},"categories":[1],"tags":[],"_links":{"self":[{"href":"https:\/\/www.infantedonfelipe.es\/contenido\/wp-json\/wp\/v2\/posts\/250"}],"collection":[{"href":"https:\/\/www.infantedonfelipe.es\/contenido\/wp-json\/wp\/v2\/posts"}],"about":[{"href":"https:\/\/www.infantedonfelipe.es\/contenido\/wp-json\/wp\/v2\/types\/post"}],"author":[{"embeddable":true,"href":"https:\/\/www.infantedonfelipe.es\/contenido\/wp-json\/wp\/v2\/users\/1"}],"replies":[{"embeddable":true,"href":"https:\/\/www.infantedonfelipe.es\/contenido\/wp-json\/wp\/v2\/comments?post=250"}],"version-history":[{"count":4,"href":"https:\/\/www.infantedonfelipe.es\/contenido\/wp-json\/wp\/v2\/posts\/250\/revisions"}],"predecessor-version":[{"id":255,"href":"https:\/\/www.infantedonfelipe.es\/contenido\/wp-json\/wp\/v2\/posts\/250\/revisions\/255"}],"wp:attachment":[{"href":"https:\/\/www.infantedonfelipe.es\/contenido\/wp-json\/wp\/v2\/media?parent=250"}],"wp:term":[{"taxonomy":"category","embeddable":true,"href":"https:\/\/www.infantedonfelipe.es\/contenido\/wp-json\/wp\/v2\/categories?post=250"},{"taxonomy":"post_tag","embeddable":true,"href":"https:\/\/www.infantedonfelipe.es\/contenido\/wp-json\/wp\/v2\/tags?post=250"}],"curies":[{"name":"wp","href":"https:\/\/api.w.org\/{rel}","templated":true}]}}