{"id":258,"date":"2014-02-25T17:43:41","date_gmt":"2014-02-25T17:43:41","guid":{"rendered":"http:\/\/www.infantedonfelipe.es\/contenido\/?p=258"},"modified":"2014-02-25T17:44:10","modified_gmt":"2014-02-25T17:44:10","slug":"visita-exposicion-de-pintura-de-angel-gonzalez-de-la-aleja","status":"publish","type":"post","link":"https:\/\/www.infantedonfelipe.es\/contenido\/2014\/02\/25\/visita-exposicion-de-pintura-de-angel-gonzalez-de-la-aleja\/","title":{"rendered":"Visita Exposici\u00f3n de Pintura de \u00c1ngel Gonz\u00e1lez de la Aleja"},"content":{"rendered":"<p>El d\u00eda 23 de enero, los alumnos y las alumnas de 6\u00ba de Educaci\u00f3n Primaria visitaron la Exposici\u00f3n de Pintura de \u00c1ngel Gonz\u00e1lez de la Aleja.<\/p>\n<p>Con una explicaci\u00f3n muy amena y detallada, estuvieron recorriendo toda la exposici\u00f3n y admirando la obra de este pintor daimiele\u00f1o, ejemplo para las generaciones de ni\u00f1os y j\u00f3venes.<\/p>\n<div id='gallery-1' class='gallery galleryid-258 gallery-columns-3 gallery-size-thumbnail'><figure class='gallery-item'>\n\t\t\t<div class='gallery-icon landscape'>\n\t\t\t\t<a href='https:\/\/www.infantedonfelipe.es\/contenido\/wp-content\/uploads\/2014\/02\/DSC02408-Large.jpg'><img loading=\"lazy\" decoding=\"async\" width=\"150\" height=\"150\" src=\"https:\/\/www.infantedonfelipe.es\/contenido\/wp-content\/uploads\/2014\/02\/DSC02408-Large-150x150.jpg\" class=\"attachment-thumbnail size-thumbnail\" alt=\"\" \/><\/a>\n\t\t\t<\/div><\/figure><figure class='gallery-item'>\n\t\t\t<div class='gallery-icon landscape'>\n\t\t\t\t<a href='https:\/\/www.infantedonfelipe.es\/contenido\/wp-content\/uploads\/2014\/02\/DSC02403-Large.jpg'><img loading=\"lazy\" decoding=\"async\" width=\"150\" height=\"150\" src=\"https:\/\/www.infantedonfelipe.es\/contenido\/wp-content\/uploads\/2014\/02\/DSC02403-Large-150x150.jpg\" class=\"attachment-thumbnail size-thumbnail\" alt=\"\" \/><\/a>\n\t\t\t<\/div><\/figure><figure class='gallery-item'>\n\t\t\t<div class='gallery-icon landscape'>\n\t\t\t\t<a href='https:\/\/www.infantedonfelipe.es\/contenido\/wp-content\/uploads\/2014\/02\/DSC02400-Large.jpg'><img loading=\"lazy\" decoding=\"async\" width=\"150\" height=\"150\" src=\"https:\/\/www.infantedonfelipe.es\/contenido\/wp-content\/uploads\/2014\/02\/DSC02400-Large-150x150.jpg\" class=\"attachment-thumbnail size-thumbnail\" alt=\"\" \/><\/a>\n\t\t\t<\/div><\/figure>\n\t\t<\/div>\n\n","protected":false},"excerpt":{"rendered":"<p>El d\u00eda 23 de enero, los alumnos y las alumnas de 6\u00ba de Educaci\u00f3n Primaria visitaron la Exposici\u00f3n de Pintura de \u00c1ngel Gonz\u00e1lez de la Aleja. Con una explicaci\u00f3n muy amena y detallada, estuvieron recorriendo toda la exposici\u00f3n y admirando la obra de este pintor daimiele\u00f1o, ejemplo para las generaciones de ni\u00f1os y j\u00f3venes.<\/p>\n","protected":false},"author":1,"featured_media":0,"comment_status":"closed","ping_status":"open","sticky":false,"template":"","format":"standard","meta":{"footnotes":""},"categories":[1],"tags":[],"_links":{"self":[{"href":"https:\/\/www.infantedonfelipe.es\/contenido\/wp-json\/wp\/v2\/posts\/258"}],"collection":[{"href":"https:\/\/www.infantedonfelipe.es\/contenido\/wp-json\/wp\/v2\/posts"}],"about":[{"href":"https:\/\/www.infantedonfelipe.es\/contenido\/wp-json\/wp\/v2\/types\/post"}],"author":[{"embeddable":true,"href":"https:\/\/www.infantedonfelipe.es\/contenido\/wp-json\/wp\/v2\/users\/1"}],"replies":[{"embeddable":true,"href":"https:\/\/www.infantedonfelipe.es\/contenido\/wp-json\/wp\/v2\/comments?post=258"}],"version-history":[{"count":3,"href":"https:\/\/www.infantedonfelipe.es\/contenido\/wp-json\/wp\/v2\/posts\/258\/revisions"}],"predecessor-version":[{"id":264,"href":"https:\/\/www.infantedonfelipe.es\/contenido\/wp-json\/wp\/v2\/posts\/258\/revisions\/264"}],"wp:attachment":[{"href":"https:\/\/www.infantedonfelipe.es\/contenido\/wp-json\/wp\/v2\/media?parent=258"}],"wp:term":[{"taxonomy":"category","embeddable":true,"href":"https:\/\/www.infantedonfelipe.es\/contenido\/wp-json\/wp\/v2\/categories?post=258"},{"taxonomy":"post_tag","embeddable":true,"href":"https:\/\/www.infantedonfelipe.es\/contenido\/wp-json\/wp\/v2\/tags?post=258"}],"curies":[{"name":"wp","href":"https:\/\/api.w.org\/{rel}","templated":true}]}}