{"id":265,"date":"2014-02-25T18:03:56","date_gmt":"2014-02-25T18:03:56","guid":{"rendered":"http:\/\/www.infantedonfelipe.es\/contenido\/?p=265"},"modified":"2014-02-25T18:03:56","modified_gmt":"2014-02-25T18:03:56","slug":"dia-de-la-paz-sencillamente-inolvidable","status":"publish","type":"post","link":"https:\/\/www.infantedonfelipe.es\/contenido\/2014\/02\/25\/dia-de-la-paz-sencillamente-inolvidable\/","title":{"rendered":"D\u00eda de la Paz &#8211; Sencillamente inolvidable!!"},"content":{"rendered":"<p>Todo el Colegio&#8230;, toooodoooossss!!!<\/p>\n<p>Desde los m\u00e1s peque\u00f1os a los mayores. Desde Infantil a Primaria&#8230; Desde el Profesor de M\u00fasica a la profesora de Educaci\u00f3n F\u00edsica. Todos participamos en la gran actividad del D\u00eda de la Paz. No dejes de ver el v\u00eddeo del \u00abLip Dub\u00bb que hemos colgado en YouTube. Estupendo!!<\/p>\n<p><a title=\"El CEIP Infante Don Felipe realiza un lip dub en conmemoraci\u00f3n del D\u00eda de la Paz\" href=\"http:\/\/www.youtube.com\/watch?v=GMViFHvjesQ\">http:\/\/www.youtube.com\/watch?v=GMViFHvjesQ<\/a><\/p>\n<div id='gallery-1' class='gallery galleryid-265 gallery-columns-4 gallery-size-thumbnail'><figure class='gallery-item'>\n\t\t\t<div class='gallery-icon landscape'>\n\t\t\t\t<a href='https:\/\/www.infantedonfelipe.es\/contenido\/wp-content\/uploads\/2014\/02\/DSC02452-Large.jpg'><img loading=\"lazy\" decoding=\"async\" width=\"150\" height=\"150\" src=\"https:\/\/www.infantedonfelipe.es\/contenido\/wp-content\/uploads\/2014\/02\/DSC02452-Large-150x150.jpg\" class=\"attachment-thumbnail size-thumbnail\" alt=\"\" \/><\/a>\n\t\t\t<\/div><\/figure><figure class='gallery-item'>\n\t\t\t<div class='gallery-icon landscape'>\n\t\t\t\t<a href='https:\/\/www.infantedonfelipe.es\/contenido\/wp-content\/uploads\/2014\/02\/DSC02529-Large.jpg'><img loading=\"lazy\" decoding=\"async\" width=\"150\" height=\"150\" src=\"https:\/\/www.infantedonfelipe.es\/contenido\/wp-content\/uploads\/2014\/02\/DSC02529-Large-150x150.jpg\" class=\"attachment-thumbnail size-thumbnail\" alt=\"\" \/><\/a>\n\t\t\t<\/div><\/figure><figure class='gallery-item'>\n\t\t\t<div class='gallery-icon landscape'>\n\t\t\t\t<a href='https:\/\/www.infantedonfelipe.es\/contenido\/wp-content\/uploads\/2014\/02\/DSC02462-Large.jpg'><img loading=\"lazy\" decoding=\"async\" width=\"150\" height=\"150\" src=\"https:\/\/www.infantedonfelipe.es\/contenido\/wp-content\/uploads\/2014\/02\/DSC02462-Large-150x150.jpg\" class=\"attachment-thumbnail size-thumbnail\" alt=\"\" \/><\/a>\n\t\t\t<\/div><\/figure><figure class='gallery-item'>\n\t\t\t<div class='gallery-icon landscape'>\n\t\t\t\t<a href='https:\/\/www.infantedonfelipe.es\/contenido\/wp-content\/uploads\/2014\/02\/DSC02476-Large.jpg'><img loading=\"lazy\" decoding=\"async\" width=\"150\" height=\"150\" src=\"https:\/\/www.infantedonfelipe.es\/contenido\/wp-content\/uploads\/2014\/02\/DSC02476-Large-150x150.jpg\" class=\"attachment-thumbnail size-thumbnail\" alt=\"\" \/><\/a>\n\t\t\t<\/div><\/figure>\n\t\t<\/div>\n\n","protected":false},"excerpt":{"rendered":"<p>Todo el Colegio&#8230;, toooodoooossss!!! Desde los m\u00e1s peque\u00f1os a los mayores. Desde Infantil a Primaria&#8230; Desde el Profesor de M\u00fasica a la profesora de Educaci\u00f3n F\u00edsica. Todos participamos en la gran actividad del D\u00eda de la Paz. No dejes de ver el v\u00eddeo del \u00abLip Dub\u00bb que hemos colgado en YouTube. Estupendo!! http:\/\/www.youtube.com\/watch?v=GMViFHvjesQ<\/p>\n","protected":false},"author":1,"featured_media":0,"comment_status":"closed","ping_status":"open","sticky":false,"template":"","format":"standard","meta":{"footnotes":""},"categories":[1],"tags":[],"_links":{"self":[{"href":"https:\/\/www.infantedonfelipe.es\/contenido\/wp-json\/wp\/v2\/posts\/265"}],"collection":[{"href":"https:\/\/www.infantedonfelipe.es\/contenido\/wp-json\/wp\/v2\/posts"}],"about":[{"href":"https:\/\/www.infantedonfelipe.es\/contenido\/wp-json\/wp\/v2\/types\/post"}],"author":[{"embeddable":true,"href":"https:\/\/www.infantedonfelipe.es\/contenido\/wp-json\/wp\/v2\/users\/1"}],"replies":[{"embeddable":true,"href":"https:\/\/www.infantedonfelipe.es\/contenido\/wp-json\/wp\/v2\/comments?post=265"}],"version-history":[{"count":1,"href":"https:\/\/www.infantedonfelipe.es\/contenido\/wp-json\/wp\/v2\/posts\/265\/revisions"}],"predecessor-version":[{"id":270,"href":"https:\/\/www.infantedonfelipe.es\/contenido\/wp-json\/wp\/v2\/posts\/265\/revisions\/270"}],"wp:attachment":[{"href":"https:\/\/www.infantedonfelipe.es\/contenido\/wp-json\/wp\/v2\/media?parent=265"}],"wp:term":[{"taxonomy":"category","embeddable":true,"href":"https:\/\/www.infantedonfelipe.es\/contenido\/wp-json\/wp\/v2\/categories?post=265"},{"taxonomy":"post_tag","embeddable":true,"href":"https:\/\/www.infantedonfelipe.es\/contenido\/wp-json\/wp\/v2\/tags?post=265"}],"curies":[{"name":"wp","href":"https:\/\/api.w.org\/{rel}","templated":true}]}}