{"id":327,"date":"2014-03-13T19:39:50","date_gmt":"2014-03-13T19:39:50","guid":{"rendered":"http:\/\/www.infantedonfelipe.es\/contenido\/?p=327"},"modified":"2014-03-13T19:39:50","modified_gmt":"2014-03-13T19:39:50","slug":"actividades-en-el-dia-de-la-mujer","status":"publish","type":"post","link":"https:\/\/www.infantedonfelipe.es\/contenido\/2014\/03\/13\/actividades-en-el-dia-de-la-mujer\/","title":{"rendered":"Actividades en el D\u00eda de la Mujer"},"content":{"rendered":"<p>El d\u00eda 7 de marzo, un d\u00eda antes del D\u00eda Internacional de la Mujer, en el Colegio se realizaron diferentes actividades en honor a las mujeres, con el prop\u00f3sito de concienciarnos de la importancia de la mujer en nuestra sociedad, de lo importante de que podamos vivir en una sociedad en la que no se discrimine a nadie en raz\u00f3n de su sexo y de que todas las personas tengan las mismas oportunidades pudiendo conseguir sus proyectos solo en funci\u00f3n del esfuerzo, del m\u00e9rito y de la capacidad. Aqu\u00ed os mostramos algunas fotograf\u00edas de las actividades realizadas. Felicidades a todas las mujeres!<\/p>\n<div id='gallery-1' class='gallery galleryid-327 gallery-columns-3 gallery-size-thumbnail'><figure class='gallery-item'>\n\t\t\t<div class='gallery-icon landscape'>\n\t\t\t\t<a href='https:\/\/www.infantedonfelipe.es\/contenido\/wp-content\/uploads\/2014\/03\/DSC02801-Small.jpg'><img loading=\"lazy\" decoding=\"async\" width=\"150\" height=\"150\" src=\"https:\/\/www.infantedonfelipe.es\/contenido\/wp-content\/uploads\/2014\/03\/DSC02801-Small-150x150.jpg\" class=\"attachment-thumbnail size-thumbnail\" alt=\"\" \/><\/a>\n\t\t\t<\/div><\/figure><figure class='gallery-item'>\n\t\t\t<div class='gallery-icon landscape'>\n\t\t\t\t<a href='https:\/\/www.infantedonfelipe.es\/contenido\/wp-content\/uploads\/2014\/03\/DSC02805-Small.jpg'><img loading=\"lazy\" decoding=\"async\" width=\"150\" height=\"150\" src=\"https:\/\/www.infantedonfelipe.es\/contenido\/wp-content\/uploads\/2014\/03\/DSC02805-Small-150x150.jpg\" class=\"attachment-thumbnail size-thumbnail\" alt=\"\" \/><\/a>\n\t\t\t<\/div><\/figure><figure class='gallery-item'>\n\t\t\t<div class='gallery-icon landscape'>\n\t\t\t\t<a href='https:\/\/www.infantedonfelipe.es\/contenido\/wp-content\/uploads\/2014\/03\/DSC02800-Small.jpg'><img loading=\"lazy\" decoding=\"async\" width=\"150\" height=\"150\" src=\"https:\/\/www.infantedonfelipe.es\/contenido\/wp-content\/uploads\/2014\/03\/DSC02800-Small-150x150.jpg\" class=\"attachment-thumbnail size-thumbnail\" alt=\"\" \/><\/a>\n\t\t\t<\/div><\/figure>\n\t\t<\/div>\n\n","protected":false},"excerpt":{"rendered":"<p>El d\u00eda 7 de marzo, un d\u00eda antes del D\u00eda Internacional de la Mujer, en el Colegio se realizaron diferentes actividades en honor a las mujeres, con el prop\u00f3sito de concienciarnos de la importancia de la mujer en nuestra sociedad, de lo importante de que podamos vivir en una sociedad en la que no se [&hellip;]<\/p>\n","protected":false},"author":1,"featured_media":0,"comment_status":"closed","ping_status":"open","sticky":false,"template":"","format":"standard","meta":{"footnotes":""},"categories":[1],"tags":[],"_links":{"self":[{"href":"https:\/\/www.infantedonfelipe.es\/contenido\/wp-json\/wp\/v2\/posts\/327"}],"collection":[{"href":"https:\/\/www.infantedonfelipe.es\/contenido\/wp-json\/wp\/v2\/posts"}],"about":[{"href":"https:\/\/www.infantedonfelipe.es\/contenido\/wp-json\/wp\/v2\/types\/post"}],"author":[{"embeddable":true,"href":"https:\/\/www.infantedonfelipe.es\/contenido\/wp-json\/wp\/v2\/users\/1"}],"replies":[{"embeddable":true,"href":"https:\/\/www.infantedonfelipe.es\/contenido\/wp-json\/wp\/v2\/comments?post=327"}],"version-history":[{"count":1,"href":"https:\/\/www.infantedonfelipe.es\/contenido\/wp-json\/wp\/v2\/posts\/327\/revisions"}],"predecessor-version":[{"id":331,"href":"https:\/\/www.infantedonfelipe.es\/contenido\/wp-json\/wp\/v2\/posts\/327\/revisions\/331"}],"wp:attachment":[{"href":"https:\/\/www.infantedonfelipe.es\/contenido\/wp-json\/wp\/v2\/media?parent=327"}],"wp:term":[{"taxonomy":"category","embeddable":true,"href":"https:\/\/www.infantedonfelipe.es\/contenido\/wp-json\/wp\/v2\/categories?post=327"},{"taxonomy":"post_tag","embeddable":true,"href":"https:\/\/www.infantedonfelipe.es\/contenido\/wp-json\/wp\/v2\/tags?post=327"}],"curies":[{"name":"wp","href":"https:\/\/api.w.org\/{rel}","templated":true}]}}