{"id":332,"date":"2014-03-13T19:45:12","date_gmt":"2014-03-13T19:45:12","guid":{"rendered":"http:\/\/www.infantedonfelipe.es\/contenido\/?p=332"},"modified":"2014-03-13T19:45:12","modified_gmt":"2014-03-13T19:45:12","slug":"iv-centenario-del-fallecimiento-de-el-greco","status":"publish","type":"post","link":"https:\/\/www.infantedonfelipe.es\/contenido\/2014\/03\/13\/iv-centenario-del-fallecimiento-de-el-greco\/","title":{"rendered":"IV Centenario del Fallecimiento de El Greco"},"content":{"rendered":"<p>Este a\u00f1o 2014 se celebra el IV Centenario del fallecimiento de Dom\u00e9nikos Theotok\u00f3poulos (El Greco). Los alumnos de 6\u00ba de Educaci\u00f3n Primaria han querido ser tambi\u00e9n part\u00edcipes de este importante acontecimiento y se han puesto \u00abmanos a la pintura\u00bb para imitar a este gran pintor que tantas excelentes obras ha dejado en Espa\u00f1a. Las fotograf\u00edas son una muestra de lo bien que lo pasamos con esta pl\u00e1stica actividad.<\/p>\n<div id='gallery-1' class='gallery galleryid-332 gallery-columns-3 gallery-size-thumbnail'><figure class='gallery-item'>\n\t\t\t<div class='gallery-icon landscape'>\n\t\t\t\t<a href='https:\/\/www.infantedonfelipe.es\/contenido\/wp-content\/uploads\/2014\/03\/DSC02816-Large.jpg'><img loading=\"lazy\" decoding=\"async\" width=\"150\" height=\"150\" src=\"https:\/\/www.infantedonfelipe.es\/contenido\/wp-content\/uploads\/2014\/03\/DSC02816-Large-150x150.jpg\" class=\"attachment-thumbnail size-thumbnail\" alt=\"\" \/><\/a>\n\t\t\t<\/div><\/figure><figure class='gallery-item'>\n\t\t\t<div class='gallery-icon landscape'>\n\t\t\t\t<a href='https:\/\/www.infantedonfelipe.es\/contenido\/wp-content\/uploads\/2014\/03\/DSC02810-Large.jpg'><img loading=\"lazy\" decoding=\"async\" width=\"150\" height=\"150\" src=\"https:\/\/www.infantedonfelipe.es\/contenido\/wp-content\/uploads\/2014\/03\/DSC02810-Large-150x150.jpg\" class=\"attachment-thumbnail size-thumbnail\" alt=\"\" \/><\/a>\n\t\t\t<\/div><\/figure><figure class='gallery-item'>\n\t\t\t<div class='gallery-icon landscape'>\n\t\t\t\t<a href='https:\/\/www.infantedonfelipe.es\/contenido\/wp-content\/uploads\/2014\/03\/DSC02811-Large.jpg'><img loading=\"lazy\" decoding=\"async\" width=\"150\" height=\"150\" src=\"https:\/\/www.infantedonfelipe.es\/contenido\/wp-content\/uploads\/2014\/03\/DSC02811-Large-150x150.jpg\" class=\"attachment-thumbnail size-thumbnail\" alt=\"\" \/><\/a>\n\t\t\t<\/div><\/figure>\n\t\t<\/div>\n\n<p>&nbsp;<\/p>\n","protected":false},"excerpt":{"rendered":"<p>Este a\u00f1o 2014 se celebra el IV Centenario del fallecimiento de Dom\u00e9nikos Theotok\u00f3poulos (El Greco). Los alumnos de 6\u00ba de Educaci\u00f3n Primaria han querido ser tambi\u00e9n part\u00edcipes de este importante acontecimiento y se han puesto \u00abmanos a la pintura\u00bb para imitar a este gran pintor que tantas excelentes obras ha dejado en Espa\u00f1a. Las fotograf\u00edas [&hellip;]<\/p>\n","protected":false},"author":1,"featured_media":0,"comment_status":"closed","ping_status":"open","sticky":false,"template":"","format":"standard","meta":{"footnotes":""},"categories":[1],"tags":[],"_links":{"self":[{"href":"https:\/\/www.infantedonfelipe.es\/contenido\/wp-json\/wp\/v2\/posts\/332"}],"collection":[{"href":"https:\/\/www.infantedonfelipe.es\/contenido\/wp-json\/wp\/v2\/posts"}],"about":[{"href":"https:\/\/www.infantedonfelipe.es\/contenido\/wp-json\/wp\/v2\/types\/post"}],"author":[{"embeddable":true,"href":"https:\/\/www.infantedonfelipe.es\/contenido\/wp-json\/wp\/v2\/users\/1"}],"replies":[{"embeddable":true,"href":"https:\/\/www.infantedonfelipe.es\/contenido\/wp-json\/wp\/v2\/comments?post=332"}],"version-history":[{"count":1,"href":"https:\/\/www.infantedonfelipe.es\/contenido\/wp-json\/wp\/v2\/posts\/332\/revisions"}],"predecessor-version":[{"id":336,"href":"https:\/\/www.infantedonfelipe.es\/contenido\/wp-json\/wp\/v2\/posts\/332\/revisions\/336"}],"wp:attachment":[{"href":"https:\/\/www.infantedonfelipe.es\/contenido\/wp-json\/wp\/v2\/media?parent=332"}],"wp:term":[{"taxonomy":"category","embeddable":true,"href":"https:\/\/www.infantedonfelipe.es\/contenido\/wp-json\/wp\/v2\/categories?post=332"},{"taxonomy":"post_tag","embeddable":true,"href":"https:\/\/www.infantedonfelipe.es\/contenido\/wp-json\/wp\/v2\/tags?post=332"}],"curies":[{"name":"wp","href":"https:\/\/api.w.org\/{rel}","templated":true}]}}