{"id":340,"date":"2014-03-13T19:57:11","date_gmt":"2014-03-13T19:57:11","guid":{"rendered":"http:\/\/www.infantedonfelipe.es\/contenido\/?p=340"},"modified":"2014-03-13T19:57:11","modified_gmt":"2014-03-13T19:57:11","slug":"exposicion-trabajos-igualdad-en-el-teatro-ayala","status":"publish","type":"post","link":"https:\/\/www.infantedonfelipe.es\/contenido\/2014\/03\/13\/exposicion-trabajos-igualdad-en-el-teatro-ayala\/","title":{"rendered":"Exposici\u00f3n Trabajos Igualdad en el Teatro Ayala"},"content":{"rendered":"<p>El d\u00eda 14 de marzo, por la tarde, en el Teatro Ayala, se expondr\u00e1n todos los trabajos que hemos realizado sobre Igualdad. En ellos participamos todos los alumnos de 3\u00ba, 4\u00ba, 5\u00ba y 6\u00ba de Educaci\u00f3n Primaria. Hay trabajos de gran calidad, como el que os sacamos aqu\u00ed debajo realizado por Mar\u00eda Mart\u00edn Serrano Rivera de 6\u00baA. No dej\u00e9is de ir, que vais a disfrutar mucho.<\/p>\n<p><a href=\"http:\/\/www.infantedonfelipe.es\/contenido\/wp-content\/uploads\/2014\/03\/2014-02-26-Dibujo-D\u00eda-de-la-Mujer-Mar\u00eda-Mart\u00edn-Serrano.jpg\"><img loading=\"lazy\" decoding=\"async\" class=\"aligncenter size-medium wp-image-341\" title=\"2014-02-26 Dibujo D\u00eda de la Mujer Mar\u00eda Mart\u00edn Serrano\" src=\"http:\/\/www.infantedonfelipe.es\/contenido\/wp-content\/uploads\/2014\/03\/2014-02-26-Dibujo-D\u00eda-de-la-Mujer-Mar\u00eda-Mart\u00edn-Serrano-300x218.jpg\" alt=\"\" width=\"300\" height=\"218\" srcset=\"https:\/\/www.infantedonfelipe.es\/contenido\/wp-content\/uploads\/2014\/03\/2014-02-26-Dibujo-D\u00eda-de-la-Mujer-Mar\u00eda-Mart\u00edn-Serrano-300x218.jpg 300w, https:\/\/www.infantedonfelipe.es\/contenido\/wp-content\/uploads\/2014\/03\/2014-02-26-Dibujo-D\u00eda-de-la-Mujer-Mar\u00eda-Mart\u00edn-Serrano-1024x744.jpg 1024w\" sizes=\"(max-width: 300px) 100vw, 300px\" \/><\/a><\/p>\n","protected":false},"excerpt":{"rendered":"<p>El d\u00eda 14 de marzo, por la tarde, en el Teatro Ayala, se expondr\u00e1n todos los trabajos que hemos realizado sobre Igualdad. En ellos participamos todos los alumnos de 3\u00ba, 4\u00ba, 5\u00ba y 6\u00ba de Educaci\u00f3n Primaria. Hay trabajos de gran calidad, como el que os sacamos aqu\u00ed debajo realizado por Mar\u00eda Mart\u00edn Serrano Rivera [&hellip;]<\/p>\n","protected":false},"author":1,"featured_media":0,"comment_status":"closed","ping_status":"open","sticky":false,"template":"","format":"standard","meta":{"footnotes":""},"categories":[1],"tags":[],"_links":{"self":[{"href":"https:\/\/www.infantedonfelipe.es\/contenido\/wp-json\/wp\/v2\/posts\/340"}],"collection":[{"href":"https:\/\/www.infantedonfelipe.es\/contenido\/wp-json\/wp\/v2\/posts"}],"about":[{"href":"https:\/\/www.infantedonfelipe.es\/contenido\/wp-json\/wp\/v2\/types\/post"}],"author":[{"embeddable":true,"href":"https:\/\/www.infantedonfelipe.es\/contenido\/wp-json\/wp\/v2\/users\/1"}],"replies":[{"embeddable":true,"href":"https:\/\/www.infantedonfelipe.es\/contenido\/wp-json\/wp\/v2\/comments?post=340"}],"version-history":[{"count":2,"href":"https:\/\/www.infantedonfelipe.es\/contenido\/wp-json\/wp\/v2\/posts\/340\/revisions"}],"predecessor-version":[{"id":343,"href":"https:\/\/www.infantedonfelipe.es\/contenido\/wp-json\/wp\/v2\/posts\/340\/revisions\/343"}],"wp:attachment":[{"href":"https:\/\/www.infantedonfelipe.es\/contenido\/wp-json\/wp\/v2\/media?parent=340"}],"wp:term":[{"taxonomy":"category","embeddable":true,"href":"https:\/\/www.infantedonfelipe.es\/contenido\/wp-json\/wp\/v2\/categories?post=340"},{"taxonomy":"post_tag","embeddable":true,"href":"https:\/\/www.infantedonfelipe.es\/contenido\/wp-json\/wp\/v2\/tags?post=340"}],"curies":[{"name":"wp","href":"https:\/\/api.w.org\/{rel}","templated":true}]}}