{"id":456,"date":"2014-12-15T22:09:29","date_gmt":"2014-12-15T22:09:29","guid":{"rendered":"http:\/\/www.infantedonfelipe.es\/contenido\/?p=456"},"modified":"2014-12-15T22:24:17","modified_gmt":"2014-12-15T22:24:17","slug":"nuestro-programa-de-navidad","status":"publish","type":"post","link":"https:\/\/www.infantedonfelipe.es\/contenido\/2014\/12\/15\/nuestro-programa-de-navidad\/","title":{"rendered":"NUESTRO PROGRAMA DE NAVIDAD"},"content":{"rendered":"<p>En los colegios la Navidad siempre llega antes y en el \u00abInfante Don Felipe\u00bb celebramos estas fiestas con un programa de actividades que iniciamos este martes, 16 de diciembre.<\/p>\n<p>Bueno, como ya sab\u00e9is, en estos d\u00edas previos hemos estado adornando nuestras clases y zonas comunes, aprendiendo villancicos y ensayando intensamente para el Festival de Navidad, pero a partir de ma\u00f1ana&#8230; TODO EL COLEGIO VIVE LA NAVIDAD.<\/p>\n<p>&nbsp;<\/p>\n<p><strong><em>MARTES, 16 de DICIEMBRE<\/em><\/strong><\/p>\n<p><strong>GRAN CHOCOLATADA<\/strong><\/p>\n<p><strong>ORGANIZADA POR LA ASOCIACI\u00d3N DE PADRES<\/strong><\/p>\n<p>Desde las 9:30 horas la Asociaci\u00f3n de Padres del Colegio organiza una chocolatada con churros para todos los alumnos.<\/p>\n<p><a href=\"http:\/\/www.infantedonfelipe.es\/contenido\/wp-content\/uploads\/2014\/12\/reyesmarcos.jpg\"><img loading=\"lazy\" decoding=\"async\" class=\"alignnone size-full wp-image-481\" title=\"reyesmarcos\" src=\"http:\/\/www.infantedonfelipe.es\/contenido\/wp-content\/uploads\/2014\/12\/reyesmarcos.jpg\" alt=\"\" width=\"521\" height=\"443\" srcset=\"https:\/\/www.infantedonfelipe.es\/contenido\/wp-content\/uploads\/2014\/12\/reyesmarcos.jpg 521w, https:\/\/www.infantedonfelipe.es\/contenido\/wp-content\/uploads\/2014\/12\/reyesmarcos-300x255.jpg 300w\" sizes=\"(max-width: 521px) 100vw, 521px\" \/><\/a><br \/>\nMarcos (1\u00baA)<\/p>\n<p>&nbsp;<\/p>\n<p><strong><em>MI\u00c9RCOLES, 17 de DICIEMBRE<\/em><\/strong><\/p>\n<div>\n<h2>FESTIVAL DE NAVIDAD<\/h2>\n<\/div>\n<p style=\"text-align: left;\" align=\"center\"><strong style=\"text-align: left;\">REPRESENTACI\u00d3N PARA LOS ALUMNOS<\/strong><\/p>\n<p style=\"text-align: left;\" align=\"center\"><strong>ENSAYO GENERAL<\/strong><\/p>\n<p><strong>\u00a0<\/strong><strong>Hora de comienzo:\u00a0 11:00 horas.<\/strong><\/p>\n<p><strong>Lugar: Sal\u00f3n de Actos del\u00a0<\/strong><strong>I.E.S. \u201cOjos del Guadiana\u201d<\/strong><\/p>\n<p><strong><br \/>\n<\/strong><\/p>\n<p><strong>Programa de Actuaciones:<\/p>\n<p><\/strong><strong><\/strong><\/p>\n<p>&#8211;\u00a0\u00a0\u00a0\u00a0\u00a0\u00a0\u00a0\u00a0\u00a0\u00a0 <strong>Infantil 3 a\u00f1os \u2013 Villancico<br \/>\n\u201cRodolfo El Reno\u201d<\/p>\n<p><\/strong><strong><\/strong><\/p>\n<p>&#8211;\u00a0\u00a0\u00a0\u00a0\u00a0\u00a0\u00a0\u00a0\u00a0\u00a0 <strong>Infantil 4 a\u00f1os \u2013 Villancico<br \/>\n\u201cLa orquesta original\u201d<\/p>\n<p><\/strong><strong><\/strong><\/p>\n<p>&#8211;\u00a0\u00a0\u00a0\u00a0\u00a0\u00a0\u00a0\u00a0\u00a0\u00a0 <strong>Infantil 5 a\u00f1os \u2013 Representaci\u00f3n Teatral<br \/>\n\u201cEn la tele hay Navidad\u201d<\/p>\n<p><\/strong><strong><\/strong><\/p>\n<p>&#8211;\u00a0\u00a0\u00a0\u00a0\u00a0\u00a0\u00a0\u00a0\u00a0\u00a0 <strong>2\u00ba Ed. Primaria <\/strong><strong><\/strong><\/p>\n<p>&#8211;\u00a0\u00a0\u00a0\u00a0\u00a0\u00a0\u00a0\u00a0\u00a0\u00a0 <strong>\u00a0\u00a0\u00a0\u00a0\u00a0\u2013 Representaci\u00f3n teatral:<br \/>\n\u201cVamos a armar el bel\u00e9n\u201d<\/p>\n<p><\/strong><strong><\/strong><\/p>\n<p>&#8211;\u00a0\u00a0\u00a0\u00a0\u00a0\u00a0\u00a0\u00a0\u00a0\u00a0 <strong>4\u00ba Ed. Primaria \u2013 Coreograf\u00eda<br \/>\n\u2013 \u201cEl mejor regalo eres t\u00fa\u201d<br \/>\n\u2013 \u201dJingle Bells\u201d<\/p>\n<p><\/strong><strong><\/strong><\/p>\n<p><strong>&#8211; \u00a0 \u00a0 \u00a0 \u00a0 \u00a06\u00ba Ed. Primaria \u2013 Interpretaci\u00f3n teatral:<br \/>\n&#8211; \u201cUn bel\u00e9n de 2014\u201d<br \/>\n&#8211; \u201cSorpresa\u2026 para 2015\u201d<\/p>\n<p><\/strong><\/p>\n<div>\n<h3><\/h3>\n<h3><em>JUEVES, 18 de DICIEMBRE<\/em><\/h3>\n<h3>VISITA DEL CARTERO REAL DE S.S.M.M. LOS REYES MAGOS<\/h3>\n<h3><strong style=\"font-size: 13px;\">Adelant\u00e1ndose a <\/strong><strong style=\"font-size: 13px;\">S.S.M.M. L<\/strong><strong style=\"font-size: 13px;\">os R<\/strong><strong style=\"font-size: 13px;\">eyes <\/strong><strong style=\"font-size: 13px;\">M<\/strong><strong style=\"font-size: 13px;\">agos<\/strong><strong style=\"font-size: 13px;\">, el Cartero Real llegar\u00e1 a nuestro Colegio para recoger las cartas de todos los ni\u00f1os.<\/strong><\/h3>\n<\/div>\n<p><strong>\u00a0<\/strong><strong>Tiene prevista su llegada a Daimiel\u00a0<\/strong><strong>sobre las 9:30 horas.<\/strong><\/p>\n<p><strong>\u00a0<a href=\"http:\/\/www.infantedonfelipe.es\/contenido\/wp-content\/uploads\/2014\/12\/BELENLUCIA.jpg\"><img loading=\"lazy\" decoding=\"async\" class=\"alignnone size-full wp-image-485\" title=\"BELENLUCIA\" src=\"http:\/\/www.infantedonfelipe.es\/contenido\/wp-content\/uploads\/2014\/12\/BELENLUCIA.jpg\" alt=\"\" width=\"515\" height=\"414\" srcset=\"https:\/\/www.infantedonfelipe.es\/contenido\/wp-content\/uploads\/2014\/12\/BELENLUCIA.jpg 515w, https:\/\/www.infantedonfelipe.es\/contenido\/wp-content\/uploads\/2014\/12\/BELENLUCIA-300x241.jpg 300w\" sizes=\"(max-width: 515px) 100vw, 515px\" \/><\/a><\/strong><\/p>\n<p style=\"text-align: left;\" align=\"center\">\u00a0<strong>Luc\u00eda 3\u00baA<\/strong><\/p>\n<p style=\"text-align: left;\" align=\"center\">\n<div>\n<h2>FESTIVAL DE NAVIDAD<\/h2>\n<\/div>\n<p style=\"text-align: left;\" align=\"center\"><strong>REPRESENTACI\u00d3N PARA LAS FAMILIAS<\/strong><\/p>\n<p><strong>Hora de comienzo:\u00a0<\/strong><\/p>\n<p><strong>\u00a0\u00a0\u00a0\u00a0\u00a0\u00a0\u00a0 Educaci\u00f3n Infantil &#8211; 16:15 horas.<\/strong><\/p>\n<p><strong>\u00a0\u00a0\u00a0\u00a0\u00a0\u00a0\u00a0 Educaci\u00f3n Primaria \u2013 17:15 horas.<\/strong><\/p>\n<p><strong>Lugar: Sal\u00f3n de Actos del\u00a0<\/strong><strong>I.E.S. \u201cOjos del Guadiana\u201d<\/strong><\/p>\n<p><strong>\u00a0<a href=\"http:\/\/www.infantedonfelipe.es\/contenido\/wp-content\/uploads\/2014\/12\/CRHISTMASINFANTE.jpg\"><img loading=\"lazy\" decoding=\"async\" class=\"alignnone size-full wp-image-486\" title=\"CRHISTMASINFANTE\" src=\"http:\/\/www.infantedonfelipe.es\/contenido\/wp-content\/uploads\/2014\/12\/CRHISTMASINFANTE.jpg\" alt=\"\" width=\"495\" height=\"461\" srcset=\"https:\/\/www.infantedonfelipe.es\/contenido\/wp-content\/uploads\/2014\/12\/CRHISTMASINFANTE.jpg 495w, https:\/\/www.infantedonfelipe.es\/contenido\/wp-content\/uploads\/2014\/12\/CRHISTMASINFANTE-300x279.jpg 300w\" sizes=\"(max-width: 495px) 100vw, 495px\" \/><\/a><\/strong><\/p>\n<p style=\"text-align: left;\" align=\"center\"><strong>Silvia 6\u00baA<\/strong><\/p>\n<p align=\"center\">\n<p>&nbsp;<\/p>\n<p>Y con especial agradecimiento a la \u00a0Asociaci\u00f3n de Madres y Padres, que ha colaborado en todas aquellas necesidades de organizaci\u00f3n en las que ha sido preciso, adem\u00e1s de la construcci\u00f3n de los decorados del Festival.<\/p>\n","protected":false},"excerpt":{"rendered":"<p>En los colegios la Navidad siempre llega antes y en el \u00abInfante Don Felipe\u00bb celebramos estas fiestas con un programa de actividades que iniciamos este martes, 16 de diciembre. Bueno, como ya sab\u00e9is, en estos d\u00edas previos hemos estado adornando nuestras clases y zonas comunes, aprendiendo villancicos y ensayando intensamente para el Festival de Navidad, [&hellip;]<\/p>\n","protected":false},"author":3,"featured_media":0,"comment_status":"closed","ping_status":"open","sticky":false,"template":"","format":"standard","meta":{"footnotes":""},"categories":[1],"tags":[],"_links":{"self":[{"href":"https:\/\/www.infantedonfelipe.es\/contenido\/wp-json\/wp\/v2\/posts\/456"}],"collection":[{"href":"https:\/\/www.infantedonfelipe.es\/contenido\/wp-json\/wp\/v2\/posts"}],"about":[{"href":"https:\/\/www.infantedonfelipe.es\/contenido\/wp-json\/wp\/v2\/types\/post"}],"author":[{"embeddable":true,"href":"https:\/\/www.infantedonfelipe.es\/contenido\/wp-json\/wp\/v2\/users\/3"}],"replies":[{"embeddable":true,"href":"https:\/\/www.infantedonfelipe.es\/contenido\/wp-json\/wp\/v2\/comments?post=456"}],"version-history":[{"count":3,"href":"https:\/\/www.infantedonfelipe.es\/contenido\/wp-json\/wp\/v2\/posts\/456\/revisions"}],"predecessor-version":[{"id":484,"href":"https:\/\/www.infantedonfelipe.es\/contenido\/wp-json\/wp\/v2\/posts\/456\/revisions\/484"}],"wp:attachment":[{"href":"https:\/\/www.infantedonfelipe.es\/contenido\/wp-json\/wp\/v2\/media?parent=456"}],"wp:term":[{"taxonomy":"category","embeddable":true,"href":"https:\/\/www.infantedonfelipe.es\/contenido\/wp-json\/wp\/v2\/categories?post=456"},{"taxonomy":"post_tag","embeddable":true,"href":"https:\/\/www.infantedonfelipe.es\/contenido\/wp-json\/wp\/v2\/tags?post=456"}],"curies":[{"name":"wp","href":"https:\/\/api.w.org\/{rel}","templated":true}]}}