{"id":6,"date":"2012-09-10T19:18:30","date_gmt":"2012-09-10T19:18:30","guid":{"rendered":"http:\/\/www.infantedonfelipe.es\/contenido\/?p=6"},"modified":"2012-09-10T19:18:30","modified_gmt":"2012-09-10T19:18:30","slug":"comienza-el-curso-escolar-con-absoluta-normalidad","status":"publish","type":"post","link":"https:\/\/www.infantedonfelipe.es\/contenido\/2012\/09\/10\/comienza-el-curso-escolar-con-absoluta-normalidad\/","title":{"rendered":"COMIENZA EL CURSO ESCOLAR CON ABSOLUTA NORMALIDAD"},"content":{"rendered":"<p>El Curso Escolar ha comenzado en el Infante don Felipe con absoluta normalidad. Un total de 134 alumnos de Educaci\u00f3n Infantil y 261 alumnos de Educaci\u00f3n Primaria retornaron a las aulas, se reencontraron con sus compa\u00f1eros y amigos y llegaron con las pilas cargadas para afrontar el nuevo curso.<\/p>\n","protected":false},"excerpt":{"rendered":"<p>El Curso Escolar ha comenzado en el Infante don Felipe con absoluta normalidad. Un total de 134 alumnos de Educaci\u00f3n Infantil y 261 alumnos de Educaci\u00f3n Primaria retornaron a las aulas, se reencontraron con sus compa\u00f1eros y amigos y llegaron con las pilas cargadas para afrontar el nuevo curso.<\/p>\n","protected":false},"author":1,"featured_media":0,"comment_status":"open","ping_status":"open","sticky":false,"template":"","format":"standard","meta":{"footnotes":""},"categories":[1],"tags":[],"_links":{"self":[{"href":"https:\/\/www.infantedonfelipe.es\/contenido\/wp-json\/wp\/v2\/posts\/6"}],"collection":[{"href":"https:\/\/www.infantedonfelipe.es\/contenido\/wp-json\/wp\/v2\/posts"}],"about":[{"href":"https:\/\/www.infantedonfelipe.es\/contenido\/wp-json\/wp\/v2\/types\/post"}],"author":[{"embeddable":true,"href":"https:\/\/www.infantedonfelipe.es\/contenido\/wp-json\/wp\/v2\/users\/1"}],"replies":[{"embeddable":true,"href":"https:\/\/www.infantedonfelipe.es\/contenido\/wp-json\/wp\/v2\/comments?post=6"}],"version-history":[{"count":1,"href":"https:\/\/www.infantedonfelipe.es\/contenido\/wp-json\/wp\/v2\/posts\/6\/revisions"}],"predecessor-version":[{"id":17,"href":"https:\/\/www.infantedonfelipe.es\/contenido\/wp-json\/wp\/v2\/posts\/6\/revisions\/17"}],"wp:attachment":[{"href":"https:\/\/www.infantedonfelipe.es\/contenido\/wp-json\/wp\/v2\/media?parent=6"}],"wp:term":[{"taxonomy":"category","embeddable":true,"href":"https:\/\/www.infantedonfelipe.es\/contenido\/wp-json\/wp\/v2\/categories?post=6"},{"taxonomy":"post_tag","embeddable":true,"href":"https:\/\/www.infantedonfelipe.es\/contenido\/wp-json\/wp\/v2\/tags?post=6"}],"curies":[{"name":"wp","href":"https:\/\/api.w.org\/{rel}","templated":true}]}}